{"id":17359,"date":"2018-02-02T09:21:55","date_gmt":"2018-02-02T08:21:55","guid":{"rendered":"https:\/\/www.quartier-waldacker.de\/?p=17359"},"modified":"2018-02-18T09:33:17","modified_gmt":"2018-02-18T08:33:17","slug":"rewe-soll-in-die-frankfurter-strasse","status":"publish","type":"post","link":"https:\/\/www.quartier-waldacker.de\/?p=17359","title":{"rendered":"Rewe &#8211; soll nicht in die Mainzer Stra\u00dfe"},"content":{"rendered":"<p style=\"text-align: right;\"><button id=\"listenButton1\" class=\"responsivevoice-button\" type=\"button\" value=\"Play\" title=\"ResponsiveVoice Tap to Start\/Stop Speech\"><span>&#128266; Vorlesen<\/span><\/button>\n        <script>\n            listenButton1.onclick = function(){\n                if(responsiveVoice.isPlaying()){\n                    responsiveVoice.cancel();\n                }else{\n                    responsiveVoice.speak(\"Waldacker, der Stadtteil R\u00f6dermarks, der der Politik immer wieder aus dem Blickfeld ger\u00e4t und mit seinen Anliegen teilweise ignoriert wird, darf kein Schlafort ohne eine, auch f\u00fcr \u00e4ltere und junge Bewohner zumutbar erreichbare, Nahversorgungsm\u00f6glichkeit werden. Daf\u00fcr sprachen sich \u00fcber 500 betroffene B\u00fcrger in einer von der Quartiersgruppe initiierten Unterschriftensammlung aus. Trotz widriger Umst\u00e4nde - die Unterzeichner mussten den B\u00fcrgertreff, den Friseur oder den B\u00e4cker aufsuchen \u2013 stimmten sie zahlreich f\u00fcr die bestm\u00f6gliche Anbindung ihres liebens- und lebenswerten Ortsteils an die Nahversorgung von Ober-Roden Nord\/REWE. Auch Henni Nachtsheim meinte: \u201eWas, unser REWE!\u201c da unterschreibe ich sofort. Es stellt sich die Frage, warum bei der Abstimmung der Stadtverordneten am 06.10.2017, bei der es um ein Grundst\u00fccksangebot der Stadt R\u00f6dermark an REWE f\u00fcr einen neuen REWE Standort ging, ausschlie\u00dflich eine Fl\u00e4che in der Mainzer Stra\u00dfe von den Parteien: CDU, Al\/ die Gr\u00fcnen und SPD in Frage kam, obwohl Michael Gensert (CDU) nach der Abstimmung meinte: Zitat: \u201eDieser Beschluss bedeutet nicht, dass sich langfristig kein weiterer Vollsortimenter in der Kapellenstra\u00dfe ansiedeln k\u00f6nne.\u201cDie Freien W\u00e4hler haben anschlie\u00dfend in einem Presseartikel unwiderlegbare Argumente gegen den REWE Standort in der Mainzer Stra\u00dfe angef\u00fchrt: extrem belastete Kreuzung Mainzer Stra\u00dfe\/B 459, Mietwohnungen im Obergeschoss, L\u00e4rm- und Verkehrsbel\u00e4stigung. Was meint eigentlich die REWE Zentrale zu diesem Standortangebot? Warum wird REWE nicht sofort ein Grundst\u00fcck im neuen Gewebegebiet n\u00f6rdlich der Kapellenstra\u00dfe angeboten, damit die Waldackerer B\u00fcrger eine akzeptable Versorgungslage beibehalten? Diese und zahlreiche Sch\u00fcler der OvNB Schule, deren Lehrkr\u00e4fte sowie abholende Eltern, die t\u00e4glich in Scharen bei REWE einkaufen, w\u00e4ren beim REWE Neubau in der Kapellenstra\u00dfe sicherlich weiterhin treue Kunden, die den Umsatz und damit das Gewerbesteueraufkommen steigern. Eine Abwanderung in nahe gelegenen Gesch\u00e4fte nach Dietzenbach w\u00fcrde unterbleiben. Die Quartiersgruppe Waldacker freut sich \u00fcber diese beachtliche B\u00fcrgerbeteiligung, und sieht sich in ihrem Engagement f\u00fcr Waldacker best\u00e4tigt. Die \u00dcbergabe der Listen wurden am Mittwoch den 31. Jan. 2017 bei einer B\u00fcrgermeistersprechstunde in Messenhausen Herrn B\u00fcrgermeister Roland Kern \u00fcbergeben. \u00a0\", \"Deutsch Female\");\n                }\n            };\n        <\/script>\n    \n<p><span style=\"font-family: arial, helvetica, sans-serif; font-size: 20px;\"><u><img data-recalc-dims=\"1\" loading=\"lazy\" decoding=\"async\" data-attachment-id=\"17365\" data-permalink=\"https:\/\/www.quartier-waldacker.de\/?attachment_id=17365#main\" data-orig-file=\"https:\/\/i0.wp.com\/www.quartier-waldacker.de\/wp-content\/uploads\/2018\/02\/Umfrage.jpg?fit=1280%2C960&amp;ssl=1\" data-orig-size=\"1280,960\" data-comments-opened=\"1\" data-image-meta=\"{&quot;aperture&quot;:&quot;0&quot;,&quot;credit&quot;:&quot;&quot;,&quot;camera&quot;:&quot;&quot;,&quot;caption&quot;:&quot;&quot;,&quot;created_timestamp&quot;:&quot;0&quot;,&quot;copyright&quot;:&quot;&quot;,&quot;focal_length&quot;:&quot;0&quot;,&quot;iso&quot;:&quot;0&quot;,&quot;shutter_speed&quot;:&quot;0&quot;,&quot;title&quot;:&quot;&quot;,&quot;orientation&quot;:&quot;0&quot;}\" data-image-title=\"Umfrage\" data-image-description=\"\" data-image-caption=\"\" data-large-file=\"https:\/\/i0.wp.com\/www.quartier-waldacker.de\/wp-content\/uploads\/2018\/02\/Umfrage.jpg?fit=1024%2C768&amp;ssl=1\" class=\"size-medium wp-image-17365 alignleft\" src=\"https:\/\/i0.wp.com\/www.quartier-waldacker.de\/wp-content\/uploads\/2018\/02\/Umfrage.jpg?resize=300%2C225&#038;ssl=1\" alt=\"\" width=\"300\" height=\"225\" srcset=\"https:\/\/i0.wp.com\/www.quartier-waldacker.de\/wp-content\/uploads\/2018\/02\/Umfrage.jpg?resize=300%2C225&amp;ssl=1 300w, https:\/\/i0.wp.com\/www.quartier-waldacker.de\/wp-content\/uploads\/2018\/02\/Umfrage.jpg?resize=768%2C576&amp;ssl=1 768w, https:\/\/i0.wp.com\/www.quartier-waldacker.de\/wp-content\/uploads\/2018\/02\/Umfrage.jpg?resize=1024%2C768&amp;ssl=1 1024w, https:\/\/i0.wp.com\/www.quartier-waldacker.de\/wp-content\/uploads\/2018\/02\/Umfrage.jpg?w=1280&amp;ssl=1 1280w\" sizes=\"auto, (max-width: 300px) 100vw, 300px\" \/>Waldacker,<\/u> der Stadtteil R\u00f6dermarks, der der Politik immer wieder aus dem Blickfeld ger\u00e4t und mit seinen Anliegen teilweise ignoriert wird, darf kein Schlafort ohne eine, auch f\u00fcr \u00e4ltere und junge Bewohner zumutbar erreichbare, Nahversorgungsm\u00f6glichkeit werden.<\/span><br \/>\n <span style=\"font-family: arial, helvetica, sans-serif; font-size: 20px;\">Daf\u00fcr sprachen sich \u00fcber 500 betroffene B\u00fcrger in einer von der Quartiersgruppe initiierten Unterschriftensammlung aus. Trotz widriger Umst\u00e4nde &#8211; die Unterzeichner mussten den B\u00fcrgertreff, den Friseur oder den B\u00e4cker aufsuchen \u2013 stimmten sie zahlreich f\u00fcr die bestm\u00f6gliche Anbindung ihres liebens- und lebenswerten Ortsteils an die Nahversorgung von Ober-Roden Nord\/REWE. Auch Henni Nachtsheim meinte: \u201eWas, <u>unser<\/u> REWE!\u201c da unterschreibe ich sofort.<\/span><br \/>\n <span style=\"font-family: arial, helvetica, sans-serif; font-size: 20px;\">Es stellt sich die Frage, warum bei der Abstimmung der Stadtverordneten am 06.10.2017, bei der es um ein Grundst\u00fccksangebot der Stadt R\u00f6dermark an REWE f\u00fcr einen neuen REWE Standort ging, ausschlie\u00dflich eine Fl\u00e4che in der Mainzer Stra\u00dfe von den Parteien: CDU, Al\/ die Gr\u00fcnen und SPD in Frage kam, obwohl Michael Gensert (CDU) nach der Abstimmung meinte: Zitat: \u201eDieser Beschluss bedeutet nicht, dass sich langfristig kein weiterer Vollsortimenter in der Kapellenstra\u00dfe ansiedeln k\u00f6nne.\u201cDie Freien W\u00e4hler haben anschlie\u00dfend in einem Presseartikel unwiderlegbare Argumente gegen den REWE Standort in der Mainzer Stra\u00dfe angef\u00fchrt: extrem belastete Kreuzung Mainzer Stra\u00dfe\/B 459, Mietwohnungen im Obergeschoss, L\u00e4rm- und Verkehrsbel\u00e4stigung.<\/span><\/p>\n<p><span style=\"font-family: arial, helvetica, sans-serif; font-size: 20px;\">Was meint eigentlich die REWE Zentrale zu diesem Standortangebot? <\/span><\/p>\n<p> <span style=\"font-family: arial, helvetica, sans-serif; font-size: 20px;\">Warum wird REWE nicht sofort ein Grundst\u00fcck im neuen Gewebegebiet n\u00f6rdlich der Kapellenstra\u00dfe angeboten, damit die Waldackerer B\u00fcrger eine akzeptable Verso<\/span><span style=\"font-family: arial, helvetica, sans-serif; font-size: 20px;\">rgungslage beibehalten? Diese und zahlreiche Sch\u00fcler der OvNB Schule, deren Lehrkr\u00e4fte sowie abholende Eltern, die t\u00e4glich in Scharen bei REWE einkaufen, w\u00e4ren beim REWE Neubau in der Kapellenstra\u00dfe sicherlich weiterhin treue Kunden, die den Umsatz und damit das Gewerbesteueraufko<\/span><span style=\"font-family: arial, helvetica, sans-serif; font-size: 20px;\">mmen steigern. Eine Abwanderung in nahe gelegenen Gesch\u00e4fte nach Dietzenbach w\u00fcrde unterbleiben.<\/span><\/p>\n<p><span style=\"font-family: arial, helvetica, sans-serif; font-size: 20px;\"><img data-recalc-dims=\"1\" loading=\"lazy\" decoding=\"async\" data-attachment-id=\"17366\" data-permalink=\"https:\/\/www.quartier-waldacker.de\/?attachment_id=17366#main\" data-orig-file=\"https:\/\/i0.wp.com\/www.quartier-waldacker.de\/wp-content\/uploads\/2018\/02\/Uebergabe_2.jpg?fit=1280%2C1057&amp;ssl=1\" data-orig-size=\"1280,1057\" data-comments-opened=\"1\" data-image-meta=\"{&quot;aperture&quot;:&quot;0&quot;,&quot;credit&quot;:&quot;&quot;,&quot;camera&quot;:&quot;&quot;,&quot;caption&quot;:&quot;&quot;,&quot;created_timestamp&quot;:&quot;0&quot;,&quot;copyright&quot;:&quot;&quot;,&quot;focal_length&quot;:&quot;0&quot;,&quot;iso&quot;:&quot;0&quot;,&quot;shutter_speed&quot;:&quot;0&quot;,&quot;title&quot;:&quot;&quot;,&quot;orientation&quot;:&quot;0&quot;}\" data-image-title=\"Uebergabe_2\" data-image-description=\"\" data-image-caption=\"\" data-large-file=\"https:\/\/i0.wp.com\/www.quartier-waldacker.de\/wp-content\/uploads\/2018\/02\/Uebergabe_2.jpg?fit=1024%2C846&amp;ssl=1\" class=\"size-medium wp-image-17366 alignright\" src=\"https:\/\/i0.wp.com\/www.quartier-waldacker.de\/wp-content\/uploads\/2018\/02\/Uebergabe_2.jpg?resize=300%2C248&#038;ssl=1\" alt=\"\" width=\"300\" height=\"248\" srcset=\"https:\/\/i0.wp.com\/www.quartier-waldacker.de\/wp-content\/uploads\/2018\/02\/Uebergabe_2.jpg?resize=300%2C248&amp;ssl=1 300w, https:\/\/i0.wp.com\/www.quartier-waldacker.de\/wp-content\/uploads\/2018\/02\/Uebergabe_2.jpg?resize=768%2C634&amp;ssl=1 768w, https:\/\/i0.wp.com\/www.quartier-waldacker.de\/wp-content\/uploads\/2018\/02\/Uebergabe_2.jpg?resize=1024%2C846&amp;ssl=1 1024w, https:\/\/i0.wp.com\/www.quartier-waldacker.de\/wp-content\/uploads\/2018\/02\/Uebergabe_2.jpg?w=1280&amp;ssl=1 1280w\" sizes=\"auto, (max-width: 300px) 100vw, 300px\" \/>Die Quartiersgruppe Waldacker freut sich \u00fcber diese beachtliche B\u00fcrgerbeteiligung, und sieht sich in ihrem Engagement f\u00fcr Waldacker best\u00e4tigt.<\/span><\/p>\n<p><span style=\"font-family: arial, helvetica, sans-serif; font-size: 20px;\">Die \u00dcbergabe der Listen wurden am Mittwoch den 31. Jan. 2017 bei einer B\u00fcrgermeistersprechstunde in Messenhausen Herrn B\u00fcrgermeister Roland Kern \u00fcbergeben.<\/span><\/p>\n<p>&nbsp;<\/p>\n<p><span style=\"font-family: arial, helvetica, sans-serif; font-size: 20px;\"><br \/>\n <\/span><\/p>\n<p>&nbsp;<\/p>\n<p>&nbsp;<\/p>\n<p>&nbsp;<\/p>\n<table>\n<tbody>\n<tr>\n<td>\n<figure id=\"attachment_17565\" aria-describedby=\"caption-attachment-17565\" style=\"width: 156px\" class=\"wp-caption alignnone\"><a href=\"https:\/\/i0.wp.com\/www.quartier-waldacker.de\/wp-content\/uploads\/2018\/02\/Buergerblatt-08_02.jpg?ssl=1\"><img data-recalc-dims=\"1\" loading=\"lazy\" decoding=\"async\" data-attachment-id=\"17565\" data-permalink=\"https:\/\/www.quartier-waldacker.de\/?attachment_id=17565#main\" data-orig-file=\"https:\/\/i0.wp.com\/www.quartier-waldacker.de\/wp-content\/uploads\/2018\/02\/Buergerblatt-08_02.jpg?fit=765%2C1380&amp;ssl=1\" data-orig-size=\"765,1380\" data-comments-opened=\"1\" data-image-meta=\"{&quot;aperture&quot;:&quot;0&quot;,&quot;credit&quot;:&quot;&quot;,&quot;camera&quot;:&quot;&quot;,&quot;caption&quot;:&quot;&quot;,&quot;created_timestamp&quot;:&quot;0&quot;,&quot;copyright&quot;:&quot;&quot;,&quot;focal_length&quot;:&quot;0&quot;,&quot;iso&quot;:&quot;0&quot;,&quot;shutter_speed&quot;:&quot;0&quot;,&quot;title&quot;:&quot;&quot;,&quot;orientation&quot;:&quot;0&quot;}\" data-image-title=\"Buergerblatt-08_02\" data-image-description=\"\" data-image-caption=\"\" data-large-file=\"https:\/\/i0.wp.com\/www.quartier-waldacker.de\/wp-content\/uploads\/2018\/02\/Buergerblatt-08_02.jpg?fit=568%2C1024&amp;ssl=1\" class=\"wp-image-17565 size-medium\" src=\"https:\/\/i0.wp.com\/www.quartier-waldacker.de\/wp-content\/uploads\/2018\/02\/Buergerblatt-08_02.jpg?resize=166%2C300&#038;ssl=1\" alt=\"\" width=\"166\" height=\"300\" srcset=\"https:\/\/i0.wp.com\/www.quartier-waldacker.de\/wp-content\/uploads\/2018\/02\/Buergerblatt-08_02.jpg?resize=166%2C300&amp;ssl=1 166w, https:\/\/i0.wp.com\/www.quartier-waldacker.de\/wp-content\/uploads\/2018\/02\/Buergerblatt-08_02.jpg?resize=568%2C1024&amp;ssl=1 568w, https:\/\/i0.wp.com\/www.quartier-waldacker.de\/wp-content\/uploads\/2018\/02\/Buergerblatt-08_02.jpg?w=765&amp;ssl=1 765w\" sizes=\"auto, (max-width: 166px) 100vw, 166px\" \/><\/a><figcaption id=\"caption-attachment-17565\" class=\"wp-caption-text\">Pressebericht B\u00fcrgerblatt 8. Feb. 2018<\/figcaption><\/figure>\n<\/td>\n<td>\n<figure id=\"attachment_17568\" aria-describedby=\"caption-attachment-17568\" style=\"width: 182px\" class=\"wp-caption alignnone\"><a href=\"https:\/\/i0.wp.com\/www.quartier-waldacker.de\/wp-content\/uploads\/2018\/02\/Dreichzeitung-14_02.jpg?ssl=1\"><img data-recalc-dims=\"1\" loading=\"lazy\" decoding=\"async\" data-attachment-id=\"17568\" data-permalink=\"https:\/\/www.quartier-waldacker.de\/?attachment_id=17568#main\" data-orig-file=\"https:\/\/i0.wp.com\/www.quartier-waldacker.de\/wp-content\/uploads\/2018\/02\/Dreichzeitung-14_02.jpg?fit=883%2C1380&amp;ssl=1\" data-orig-size=\"883,1380\" data-comments-opened=\"1\" data-image-meta=\"{&quot;aperture&quot;:&quot;0&quot;,&quot;credit&quot;:&quot;&quot;,&quot;camera&quot;:&quot;&quot;,&quot;caption&quot;:&quot;&quot;,&quot;created_timestamp&quot;:&quot;0&quot;,&quot;copyright&quot;:&quot;&quot;,&quot;focal_length&quot;:&quot;0&quot;,&quot;iso&quot;:&quot;0&quot;,&quot;shutter_speed&quot;:&quot;0&quot;,&quot;title&quot;:&quot;&quot;,&quot;orientation&quot;:&quot;0&quot;}\" data-image-title=\"Dreichzeitung-14_02\" data-image-description=\"\" data-image-caption=\"\" data-large-file=\"https:\/\/i0.wp.com\/www.quartier-waldacker.de\/wp-content\/uploads\/2018\/02\/Dreichzeitung-14_02.jpg?fit=655%2C1024&amp;ssl=1\" class=\"wp-image-17568 size-medium\" src=\"https:\/\/i0.wp.com\/www.quartier-waldacker.de\/wp-content\/uploads\/2018\/02\/Dreichzeitung-14_02.jpg?resize=192%2C300&#038;ssl=1\" alt=\"\" width=\"192\" height=\"300\" srcset=\"https:\/\/i0.wp.com\/www.quartier-waldacker.de\/wp-content\/uploads\/2018\/02\/Dreichzeitung-14_02.jpg?resize=192%2C300&amp;ssl=1 192w, https:\/\/i0.wp.com\/www.quartier-waldacker.de\/wp-content\/uploads\/2018\/02\/Dreichzeitung-14_02.jpg?resize=768%2C1200&amp;ssl=1 768w, https:\/\/i0.wp.com\/www.quartier-waldacker.de\/wp-content\/uploads\/2018\/02\/Dreichzeitung-14_02.jpg?resize=655%2C1024&amp;ssl=1 655w, https:\/\/i0.wp.com\/www.quartier-waldacker.de\/wp-content\/uploads\/2018\/02\/Dreichzeitung-14_02.jpg?w=883&amp;ssl=1 883w\" sizes=\"auto, (max-width: 192px) 100vw, 192px\" \/><\/a><figcaption id=\"caption-attachment-17568\" class=\"wp-caption-text\">Pressebericht Dreieichzeitung v. 14.Feb.2018<\/figcaption><\/figure>\n<\/td>\n<td>\n<figure id=\"attachment_17372\" aria-describedby=\"caption-attachment-17372\" style=\"width: 290px\" class=\"wp-caption alignnone\"><a href=\"https:\/\/i0.wp.com\/www.quartier-waldacker.de\/wp-content\/uploads\/2018\/02\/Rewe-OP.jpg?ssl=1\"><img data-recalc-dims=\"1\" loading=\"lazy\" decoding=\"async\" data-attachment-id=\"17372\" data-permalink=\"https:\/\/www.quartier-waldacker.de\/?attachment_id=17372#main\" data-orig-file=\"https:\/\/i0.wp.com\/www.quartier-waldacker.de\/wp-content\/uploads\/2018\/02\/Rewe-OP.jpg?fit=1380%2C481&amp;ssl=1\" data-orig-size=\"1380,481\" data-comments-opened=\"1\" data-image-meta=\"{&quot;aperture&quot;:&quot;0&quot;,&quot;credit&quot;:&quot;&quot;,&quot;camera&quot;:&quot;&quot;,&quot;caption&quot;:&quot;&quot;,&quot;created_timestamp&quot;:&quot;0&quot;,&quot;copyright&quot;:&quot;&quot;,&quot;focal_length&quot;:&quot;0&quot;,&quot;iso&quot;:&quot;0&quot;,&quot;shutter_speed&quot;:&quot;0&quot;,&quot;title&quot;:&quot;&quot;,&quot;orientation&quot;:&quot;0&quot;}\" data-image-title=\"Rewe-OP\" data-image-description=\"\" data-image-caption=\"\" data-large-file=\"https:\/\/i0.wp.com\/www.quartier-waldacker.de\/wp-content\/uploads\/2018\/02\/Rewe-OP.jpg?fit=1024%2C357&amp;ssl=1\" class=\"wp-image-17372 size-medium\" src=\"https:\/\/i0.wp.com\/www.quartier-waldacker.de\/wp-content\/uploads\/2018\/02\/Rewe-OP.jpg?resize=300%2C105&#038;ssl=1\" alt=\"\" width=\"300\" height=\"105\" srcset=\"https:\/\/i0.wp.com\/www.quartier-waldacker.de\/wp-content\/uploads\/2018\/02\/Rewe-OP.jpg?resize=300%2C105&amp;ssl=1 300w, https:\/\/i0.wp.com\/www.quartier-waldacker.de\/wp-content\/uploads\/2018\/02\/Rewe-OP.jpg?resize=768%2C268&amp;ssl=1 768w, https:\/\/i0.wp.com\/www.quartier-waldacker.de\/wp-content\/uploads\/2018\/02\/Rewe-OP.jpg?resize=1024%2C357&amp;ssl=1 1024w, https:\/\/i0.wp.com\/www.quartier-waldacker.de\/wp-content\/uploads\/2018\/02\/Rewe-OP.jpg?w=1380&amp;ssl=1 1380w\" sizes=\"auto, (max-width: 300px) 100vw, 300px\" \/><\/a><figcaption id=\"caption-attachment-17372\" class=\"wp-caption-text\">Pressebericht Offenbach Post 02.Feb.2018<\/figcaption><\/figure>\n<\/td>\n<\/tr>\n<\/tbody>\n<\/table>\n<p><span style=\"font-size: 20px; font-family: arial, helvetica, sans-serif;\">\u00a0<\/span><\/p>\n<p>&nbsp;<\/p>\n<p>&nbsp;<\/p>\n","protected":false},"excerpt":{"rendered":"<p>Waldacker, der Stadtteil R\u00f6dermarks, der der Politik immer wieder aus dem Blickfeld ger\u00e4t und mit seinen Anliegen teilweise ignoriert wird, darf kein Schlafort ohne eine, auch f\u00fcr \u00e4ltere und junge Bewohner zumutbar erreichbare, Nahversorgungsm\u00f6glichkeit werden. Daf\u00fcr sprachen sich \u00fcber 500 betroffene B\u00fcrger in einer von der Quartiersgruppe initiierten Unterschriftensammlung aus. Trotz widriger Umst\u00e4nde &#8211; die &#8230; <a title=\"Rewe &#8211; soll nicht in die Mainzer Stra\u00dfe\" class=\"read-more\" href=\"https:\/\/www.quartier-waldacker.de\/?p=17359\" aria-label=\"Mehr Informationen \u00fcber Rewe &#8211; soll nicht in die Mainzer Stra\u00dfe\">Weiterlesen<\/a><\/p>\n","protected":false},"author":1,"featured_media":11137,"comment_status":"open","ping_status":"closed","sticky":false,"template":"","format":"standard","meta":{"generate_page_header":"","_jetpack_memberships_contains_paid_content":false,"footnotes":""},"categories":[184],"tags":[236],"class_list":["post-17359","post","type-post","status-publish","format-standard","has-post-thumbnail","hentry","category-buergerschaftliches-engagement","tag-rewe"],"jetpack_featured_media_url":"https:\/\/i0.wp.com\/www.quartier-waldacker.de\/wp-content\/uploads\/2016\/12\/Headere-Blickpunkt_bearbeitet-1.jpg?fit=1280%2C300&ssl=1","jetpack-related-posts":[{"id":15643,"url":"https:\/\/www.quartier-waldacker.de\/?p=15643","url_meta":{"origin":17359,"position":0},"title":"REWE muss in der Kapellenstra\u00dfe bleiben!","author":"admin","date":"17. Oktober 2017","format":false,"excerpt":"Die Quartiersgruppe Waldacker ruft auf zur Unterschriftensammlung: In der Stadtverordnetenversammlung am 04.10. 2017 hat sich die Koalition gegen den Verbleib des REWE Marktes in der Kapellenstra\u00dfe ausgesprochen. Ein Neubau soll in der Mainzer Stra\u00dfe erfolgen. F\u00fcr Waldacker\u00a0 bedeutet dies eine weitere Verschlechterung der Einkaufsm\u00f6glichkeiten vor allem f\u00fcr die \u00e4lteren und\u2026","rel":"","context":"In &quot;B\u00fcrgerschaftliches Engagement&quot;","block_context":{"text":"B\u00fcrgerschaftliches Engagement","link":"https:\/\/www.quartier-waldacker.de\/?cat=184"},"img":{"alt_text":"","src":"https:\/\/i0.wp.com\/www.quartier-waldacker.de\/wp-content\/uploads\/2016\/12\/Headere-Blickpunkt_bearbeitet-1.jpg?fit=1200%2C281&ssl=1&resize=350%2C200","width":350,"height":200,"srcset":"https:\/\/i0.wp.com\/www.quartier-waldacker.de\/wp-content\/uploads\/2016\/12\/Headere-Blickpunkt_bearbeitet-1.jpg?fit=1200%2C281&ssl=1&resize=350%2C200 1x, https:\/\/i0.wp.com\/www.quartier-waldacker.de\/wp-content\/uploads\/2016\/12\/Headere-Blickpunkt_bearbeitet-1.jpg?fit=1200%2C281&ssl=1&resize=525%2C300 1.5x, https:\/\/i0.wp.com\/www.quartier-waldacker.de\/wp-content\/uploads\/2016\/12\/Headere-Blickpunkt_bearbeitet-1.jpg?fit=1200%2C281&ssl=1&resize=700%2C400 2x, https:\/\/i0.wp.com\/www.quartier-waldacker.de\/wp-content\/uploads\/2016\/12\/Headere-Blickpunkt_bearbeitet-1.jpg?fit=1200%2C281&ssl=1&resize=1050%2C600 3x"},"classes":[]},{"id":26642,"url":"https:\/\/www.quartier-waldacker.de\/?p=26642","url_meta":{"origin":17359,"position":1},"title":"Radtour nach Egelsbach zum Rewe Markt (ca. 47 km)","author":"Johannes","date":"30. M\u00e4rz 2025","format":false,"excerpt":"Start, Hinweg:Am 28. M\u00e4rz, einem herrlichen Freitagmorgen bei Sonnenschein und 17 Grad Celsius, machten sich 26 Radlerinnen und Radler auf den Weg zum heutigen Startpunkt um 11.30 Uhr am Bahnhof Offenthal. Die Teilnehmer aus Waldacker starteten bereits um 11 Uhr am B\u00fcrgertreff Waldacker. Nachdem alle am Treffpunkt eingetroffen waren, erl\u00e4uterte\u2026","rel":"","context":"In &quot;Radtouren&quot;","block_context":{"text":"Radtouren","link":"https:\/\/www.quartier-waldacker.de\/?cat=126"},"img":{"alt_text":"","src":"https:\/\/i0.wp.com\/www.quartier-waldacker.de\/wp-content\/uploads\/2025\/03\/Header_Gruppe_2025sr.jpg?fit=1200%2C281&ssl=1&resize=350%2C200","width":350,"height":200,"srcset":"https:\/\/i0.wp.com\/www.quartier-waldacker.de\/wp-content\/uploads\/2025\/03\/Header_Gruppe_2025sr.jpg?fit=1200%2C281&ssl=1&resize=350%2C200 1x, https:\/\/i0.wp.com\/www.quartier-waldacker.de\/wp-content\/uploads\/2025\/03\/Header_Gruppe_2025sr.jpg?fit=1200%2C281&ssl=1&resize=525%2C300 1.5x, https:\/\/i0.wp.com\/www.quartier-waldacker.de\/wp-content\/uploads\/2025\/03\/Header_Gruppe_2025sr.jpg?fit=1200%2C281&ssl=1&resize=700%2C400 2x, https:\/\/i0.wp.com\/www.quartier-waldacker.de\/wp-content\/uploads\/2025\/03\/Header_Gruppe_2025sr.jpg?fit=1200%2C281&ssl=1&resize=1050%2C600 3x"},"classes":[]},{"id":24083,"url":"https:\/\/www.quartier-waldacker.de\/?p=24083","url_meta":{"origin":17359,"position":2},"title":"Aktivit\u00e4ten der Quartiersgruppe Waldacker in einer Zeitleiste aufgelistet.","author":"Johannes","date":"25. April 2024","format":false,"excerpt":"Nov. 2011 Zukunftswerkstadt Alle Waldackerer, die das 60. Lebensjahr vollendet haben, wurden von Herrn W. Geiken -Weigh von der Stadt R\u00f6dermark in die Zukunftswerkstadt eingeladen. Januar 2012 Gr\u00fcndung der \"Quariersgruppe Waldacker\" Aus der Zukunftswerkstadt entstand Quartiers-Waldacker Februar 2012 Seniorenfahrt zum Film des Monat Einmal im Monat f\u00e4hrt Herr B\u00e4rmann mit\u2026","rel":"","context":"With 1 comment","block_context":{"text":"With 1 comment","link":"https:\/\/www.quartier-waldacker.de\/?p=24083#comments"},"img":{"alt_text":"","src":"https:\/\/i0.wp.com\/www.quartier-waldacker.de\/wp-content\/uploads\/2024\/04\/Quartier_Historie.jpg?fit=1200%2C281&ssl=1&resize=350%2C200","width":350,"height":200,"srcset":"https:\/\/i0.wp.com\/www.quartier-waldacker.de\/wp-content\/uploads\/2024\/04\/Quartier_Historie.jpg?fit=1200%2C281&ssl=1&resize=350%2C200 1x, https:\/\/i0.wp.com\/www.quartier-waldacker.de\/wp-content\/uploads\/2024\/04\/Quartier_Historie.jpg?fit=1200%2C281&ssl=1&resize=525%2C300 1.5x, https:\/\/i0.wp.com\/www.quartier-waldacker.de\/wp-content\/uploads\/2024\/04\/Quartier_Historie.jpg?fit=1200%2C281&ssl=1&resize=700%2C400 2x, https:\/\/i0.wp.com\/www.quartier-waldacker.de\/wp-content\/uploads\/2024\/04\/Quartier_Historie.jpg?fit=1200%2C281&ssl=1&resize=1050%2C600 3x"},"classes":[]},{"id":27667,"url":"https:\/\/www.quartier-waldacker.de\/?p=27667","url_meta":{"origin":17359,"position":3},"title":"Sonne satt und Pasta: Radtour nach Babenhausen (46 km)","author":"Johannes","date":"22. M\u00e4rz 2026","format":false,"excerpt":"Ein sonniger Tag ist ideal, um mit dem Fahrrad zu fahren. Was f\u00fcr ein perfekter Fr\u00fchlingsauftakt! Am 20. M\u00e4rz 2026 versammelten sich bei strahlendem Radlerwetter 22 fahrradbegeisterte Frauen und M\u00e4nner an den Rentnerb\u00e4nken nahe des Kl\u00e4rwerks in Ober-Roden. Die Vorfreude war sp\u00fcrbar - endlich wieder eine gemeinsame Tour! Tourenplaner und\u2026","rel":"","context":"In &quot;Radtouren&quot;","block_context":{"text":"Radtouren","link":"https:\/\/www.quartier-waldacker.de\/?cat=126"},"img":{"alt_text":"","src":"https:\/\/i0.wp.com\/www.quartier-waldacker.de\/wp-content\/uploads\/2026\/03\/Header_Gruppe_2026sr.jpg?fit=1200%2C281&ssl=1&resize=350%2C200","width":350,"height":200,"srcset":"https:\/\/i0.wp.com\/www.quartier-waldacker.de\/wp-content\/uploads\/2026\/03\/Header_Gruppe_2026sr.jpg?fit=1200%2C281&ssl=1&resize=350%2C200 1x, https:\/\/i0.wp.com\/www.quartier-waldacker.de\/wp-content\/uploads\/2026\/03\/Header_Gruppe_2026sr.jpg?fit=1200%2C281&ssl=1&resize=525%2C300 1.5x, https:\/\/i0.wp.com\/www.quartier-waldacker.de\/wp-content\/uploads\/2026\/03\/Header_Gruppe_2026sr.jpg?fit=1200%2C281&ssl=1&resize=700%2C400 2x, https:\/\/i0.wp.com\/www.quartier-waldacker.de\/wp-content\/uploads\/2026\/03\/Header_Gruppe_2026sr.jpg?fit=1200%2C281&ssl=1&resize=1050%2C600 3x"},"classes":[]},{"id":27701,"url":"https:\/\/www.quartier-waldacker.de\/?p=27701","url_meta":{"origin":17359,"position":4},"title":"Radfahrgruppe auf Schlemmertour (43 km)","author":"Johannes","date":"29. M\u00e4rz 2026","format":false,"excerpt":"Eine Fr\u00fchlingsfahrt mit Geschichte, Genuss und guter Laune Der 27. M\u00e4rz 2026 begann f\u00fcr dreizehn gut gelaunte Radlerinnen und Radler mit einem Wetter, das man h\u00f6flich als \u201eherausfordernd\u201c bezeichnen k\u00f6nnte: 9 Grad Celsius, teilweise bew\u00f6lkt, trocken \u2013 aber gef\u00fchlt eher 3 Grad. Doch K\u00e4lte ist bekanntlich relativ, vor allem, wenn\u2026","rel":"","context":"In &quot;Radtouren&quot;","block_context":{"text":"Radtouren","link":"https:\/\/www.quartier-waldacker.de\/?cat=126"},"img":{"alt_text":"","src":"https:\/\/i0.wp.com\/www.quartier-waldacker.de\/wp-content\/uploads\/2026\/03\/Header_Gruppe_2026sr.jpg?fit=1200%2C281&ssl=1&resize=350%2C200","width":350,"height":200,"srcset":"https:\/\/i0.wp.com\/www.quartier-waldacker.de\/wp-content\/uploads\/2026\/03\/Header_Gruppe_2026sr.jpg?fit=1200%2C281&ssl=1&resize=350%2C200 1x, https:\/\/i0.wp.com\/www.quartier-waldacker.de\/wp-content\/uploads\/2026\/03\/Header_Gruppe_2026sr.jpg?fit=1200%2C281&ssl=1&resize=525%2C300 1.5x, https:\/\/i0.wp.com\/www.quartier-waldacker.de\/wp-content\/uploads\/2026\/03\/Header_Gruppe_2026sr.jpg?fit=1200%2C281&ssl=1&resize=700%2C400 2x, https:\/\/i0.wp.com\/www.quartier-waldacker.de\/wp-content\/uploads\/2026\/03\/Header_Gruppe_2026sr.jpg?fit=1200%2C281&ssl=1&resize=1050%2C600 3x"},"classes":[]},{"id":26614,"url":"https:\/\/www.quartier-waldacker.de\/?p=26614","url_meta":{"origin":17359,"position":5},"title":"Radtour nach Langen und Umgebung (40 ca. km)","author":"Johannes","date":"22. M\u00e4rz 2025","format":false,"excerpt":"Start: Endlich ist der Fr\u00fchling da. Bei angenehmen Temperaturen um die 18 Grad Celsius starteten 26 Radlerinnen und Radler am 21.03.2025 um 11.00 Uhr am Schillerhaus in Urberach zu ihrer 2. Radtour im Jahr 2025. Zuvor genossen einige Teilnehmende ein Fr\u00fchst\u00fcck mit Schiller im Schillerhaus. Nach der einleitenden Begr\u00fc\u00dfung und\u2026","rel":"","context":"In &quot;Radtouren&quot;","block_context":{"text":"Radtouren","link":"https:\/\/www.quartier-waldacker.de\/?cat=126"},"img":{"alt_text":"","src":"https:\/\/i0.wp.com\/www.quartier-waldacker.de\/wp-content\/uploads\/2025\/03\/Header_Gruppe_2025sr.jpg?fit=1200%2C281&ssl=1&resize=350%2C200","width":350,"height":200,"srcset":"https:\/\/i0.wp.com\/www.quartier-waldacker.de\/wp-content\/uploads\/2025\/03\/Header_Gruppe_2025sr.jpg?fit=1200%2C281&ssl=1&resize=350%2C200 1x, https:\/\/i0.wp.com\/www.quartier-waldacker.de\/wp-content\/uploads\/2025\/03\/Header_Gruppe_2025sr.jpg?fit=1200%2C281&ssl=1&resize=525%2C300 1.5x, https:\/\/i0.wp.com\/www.quartier-waldacker.de\/wp-content\/uploads\/2025\/03\/Header_Gruppe_2025sr.jpg?fit=1200%2C281&ssl=1&resize=700%2C400 2x, https:\/\/i0.wp.com\/www.quartier-waldacker.de\/wp-content\/uploads\/2025\/03\/Header_Gruppe_2025sr.jpg?fit=1200%2C281&ssl=1&resize=1050%2C600 3x"},"classes":[]}],"jetpack_sharing_enabled":true,"rttpg_featured_image_url":{"full":["https:\/\/i0.wp.com\/www.quartier-waldacker.de\/wp-content\/uploads\/2016\/12\/Headere-Blickpunkt_bearbeitet-1.jpg?fit=1280%2C300&ssl=1",1280,300,false],"landscape":["https:\/\/www.quartier-waldacker.de\/wp-content\/uploads\/2016\/12\/Headere-Blickpunkt_bearbeitet-1.jpg",1280,300,false],"portraits":["https:\/\/www.quartier-waldacker.de\/wp-content\/uploads\/2016\/12\/Headere-Blickpunkt_bearbeitet-1.jpg",1280,300,false],"thumbnail":["https:\/\/i0.wp.com\/www.quartier-waldacker.de\/wp-content\/uploads\/2016\/12\/Headere-Blickpunkt_bearbeitet-1.jpg?resize=150%2C150&ssl=1",150,150,true],"medium":["https:\/\/i0.wp.com\/www.quartier-waldacker.de\/wp-content\/uploads\/2016\/12\/Headere-Blickpunkt_bearbeitet-1.jpg?fit=300%2C70&ssl=1",300,70,true],"large":["https:\/\/i0.wp.com\/www.quartier-waldacker.de\/wp-content\/uploads\/2016\/12\/Headere-Blickpunkt_bearbeitet-1.jpg?fit=1024%2C240&ssl=1",1024,240,true],"1536x1536":["https:\/\/i0.wp.com\/www.quartier-waldacker.de\/wp-content\/uploads\/2016\/12\/Headere-Blickpunkt_bearbeitet-1.jpg?fit=1280%2C300&ssl=1",1280,300,true],"2048x2048":["https:\/\/i0.wp.com\/www.quartier-waldacker.de\/wp-content\/uploads\/2016\/12\/Headere-Blickpunkt_bearbeitet-1.jpg?fit=1280%2C300&ssl=1",1280,300,true]},"rttpg_author":{"display_name":"admin","author_link":"https:\/\/www.quartier-waldacker.de\/?author=1"},"rttpg_comment":0,"rttpg_category":"<a href=\"https:\/\/www.quartier-waldacker.de\/?cat=184\" rel=\"category\">B\u00fcrgerschaftliches Engagement<\/a>","rttpg_excerpt":"Waldacker, der Stadtteil R\u00f6dermarks, der der Politik immer wieder aus dem Blickfeld ger\u00e4t und mit seinen Anliegen teilweise ignoriert wird, darf kein Schlafort ohne eine, auch f\u00fcr \u00e4ltere und junge Bewohner zumutbar erreichbare, Nahversorgungsm\u00f6glichkeit werden. Daf\u00fcr sprachen sich \u00fcber 500 betroffene B\u00fcrger in einer von der Quartiersgruppe initiierten Unterschriftensammlung aus. Trotz widriger Umst\u00e4nde &#8211; die&hellip;","_links":{"self":[{"href":"https:\/\/www.quartier-waldacker.de\/index.php?rest_route=\/wp\/v2\/posts\/17359","targetHints":{"allow":["GET"]}}],"collection":[{"href":"https:\/\/www.quartier-waldacker.de\/index.php?rest_route=\/wp\/v2\/posts"}],"about":[{"href":"https:\/\/www.quartier-waldacker.de\/index.php?rest_route=\/wp\/v2\/types\/post"}],"author":[{"embeddable":true,"href":"https:\/\/www.quartier-waldacker.de\/index.php?rest_route=\/wp\/v2\/users\/1"}],"replies":[{"embeddable":true,"href":"https:\/\/www.quartier-waldacker.de\/index.php?rest_route=%2Fwp%2Fv2%2Fcomments&post=17359"}],"version-history":[{"count":0,"href":"https:\/\/www.quartier-waldacker.de\/index.php?rest_route=\/wp\/v2\/posts\/17359\/revisions"}],"wp:featuredmedia":[{"embeddable":true,"href":"https:\/\/www.quartier-waldacker.de\/index.php?rest_route=\/wp\/v2\/media\/11137"}],"wp:attachment":[{"href":"https:\/\/www.quartier-waldacker.de\/index.php?rest_route=%2Fwp%2Fv2%2Fmedia&parent=17359"}],"wp:term":[{"taxonomy":"category","embeddable":true,"href":"https:\/\/www.quartier-waldacker.de\/index.php?rest_route=%2Fwp%2Fv2%2Fcategories&post=17359"},{"taxonomy":"post_tag","embeddable":true,"href":"https:\/\/www.quartier-waldacker.de\/index.php?rest_route=%2Fwp%2Fv2%2Ftags&post=17359"}],"curies":[{"name":"wp","href":"https:\/\/api.w.org\/{rel}","templated":true}]}}