{"id":17082,"date":"2018-01-16T18:00:23","date_gmt":"2018-01-16T17:00:23","guid":{"rendered":"https:\/\/www.quartier-waldacker.de\/?p=17082"},"modified":"2018-01-16T18:02:58","modified_gmt":"2018-01-16T17:02:58","slug":"ein-gelungener-infoabend-der-radfahrer","status":"publish","type":"post","link":"https:\/\/www.quartier-waldacker.de\/?p=17082","title":{"rendered":"Ein gelungener Infoabend der Radfahrer"},"content":{"rendered":"<div id=\"pl-17082\"  class=\"panel-layout\" >\n<div id=\"pg-17082-0\"  class=\"panel-grid panel-has-style\"  data-style=\"{&quot;background_display&quot;:&quot;tile&quot;,&quot;cell_alignment&quot;:&quot;flex-start&quot;,&quot;iw-animation-type&quot;:&quot;iwNone&quot;,&quot;iw-animation-position&quot;:&quot;100&quot;,&quot;iw-animation-delay&quot;:&quot;0&quot;,&quot;iw-visible-screen&quot;:&quot;iw-all&quot;,&quot;iw-visible-layout&quot;:&quot;iw-all&quot;}\"  data-ratio=\"1\"  data-ratio-direction=\"right\" >\n<div data-iw-animation-delay=\"\" data-iw-animation-position=\"\" class=\"panel-row-style panel-row-style-for-17082-0\" >\n<div id=\"pgc-17082-0-0\"  class=\"panel-grid-cell\"  data-weight=\"1\" >\n<div id=\"panel-17082-0-0-0\" class=\"so-panel widget widget_sow-editor panel-first-child panel-last-child\" data-index=\"0\" data-style=\"{&quot;background_display&quot;:&quot;tile&quot;,&quot;iw-animation-type&quot;:&quot;iwNone&quot;,&quot;iw-animation-position&quot;:&quot;100&quot;,&quot;iw-animation-delay&quot;:&quot;0&quot;,&quot;iw-visible-screen&quot;:&quot;iw-all&quot;,&quot;iw-visible-layout&quot;:&quot;iw-all&quot;}\" >\n<div data-iw-animation-delay=\"\" data-iw-animation-position=\"\" class=\"panel-widget-style panel-widget-style-for-17082-0-0-0\" >\n<div class=\"so-widget-sow-editor so-widget-sow-editor-base\">\n<div class=\"siteorigin-widget-tinymce textwidget\">\n    <span style=\"font-family: arial, helvetica, sans-serif; font-size: 14pt;\"><a href=\"https:\/\/i0.wp.com\/www.quartier-waldacker.de\/wp-content\/uploads\/2018\/01\/Infoabend2018_1.jpg?ssl=1\"><img data-recalc-dims=\"1\" loading=\"lazy\" decoding=\"async\" data-attachment-id=\"17085\" data-permalink=\"https:\/\/www.quartier-waldacker.de\/?attachment_id=17085#main\" data-orig-file=\"https:\/\/i0.wp.com\/www.quartier-waldacker.de\/wp-content\/uploads\/2018\/01\/Infoabend2018_1.jpg?fit=1380%2C776&amp;ssl=1\" data-orig-size=\"1380,776\" data-comments-opened=\"1\" data-image-meta=\"{&quot;aperture&quot;:&quot;0&quot;,&quot;credit&quot;:&quot;&quot;,&quot;camera&quot;:&quot;&quot;,&quot;caption&quot;:&quot;&quot;,&quot;created_timestamp&quot;:&quot;0&quot;,&quot;copyright&quot;:&quot;&quot;,&quot;focal_length&quot;:&quot;0&quot;,&quot;iso&quot;:&quot;0&quot;,&quot;shutter_speed&quot;:&quot;0&quot;,&quot;title&quot;:&quot;&quot;,&quot;orientation&quot;:&quot;0&quot;}\" data-image-title=\"Infoabend2018_1\" data-image-description=\"\" data-image-caption=\"\" data-large-file=\"https:\/\/i0.wp.com\/www.quartier-waldacker.de\/wp-content\/uploads\/2018\/01\/Infoabend2018_1.jpg?fit=1024%2C576&amp;ssl=1\" class=\"size-medium wp-image-17085 alignleft\" src=\"https:\/\/i0.wp.com\/www.quartier-waldacker.de\/wp-content\/uploads\/2018\/01\/Infoabend2018_1.jpg?resize=300%2C169&#038;ssl=1\" alt=\"\" width=\"300\" height=\"169\" srcset=\"https:\/\/i0.wp.com\/www.quartier-waldacker.de\/wp-content\/uploads\/2018\/01\/Infoabend2018_1.jpg?resize=300%2C169&amp;ssl=1 300w, https:\/\/i0.wp.com\/www.quartier-waldacker.de\/wp-content\/uploads\/2018\/01\/Infoabend2018_1.jpg?resize=768%2C432&amp;ssl=1 768w, https:\/\/i0.wp.com\/www.quartier-waldacker.de\/wp-content\/uploads\/2018\/01\/Infoabend2018_1.jpg?resize=1024%2C576&amp;ssl=1 1024w, https:\/\/i0.wp.com\/www.quartier-waldacker.de\/wp-content\/uploads\/2018\/01\/Infoabend2018_1.jpg?w=1380&amp;ssl=1 1380w\" sizes=\"auto, (max-width: 300px) 100vw, 300px\" \/><\/a> <a href=\"https:\/\/i0.wp.com\/www.quartier-waldacker.de\/wp-content\/uploads\/2018\/01\/Infoabend2018_2.jpg?ssl=1\"><img data-recalc-dims=\"1\" loading=\"lazy\" decoding=\"async\" data-attachment-id=\"17086\" data-permalink=\"https:\/\/www.quartier-waldacker.de\/?attachment_id=17086#main\" data-orig-file=\"https:\/\/i0.wp.com\/www.quartier-waldacker.de\/wp-content\/uploads\/2018\/01\/Infoabend2018_2.jpg?fit=1380%2C776&amp;ssl=1\" data-orig-size=\"1380,776\" data-comments-opened=\"1\" data-image-meta=\"{&quot;aperture&quot;:&quot;0&quot;,&quot;credit&quot;:&quot;&quot;,&quot;camera&quot;:&quot;&quot;,&quot;caption&quot;:&quot;&quot;,&quot;created_timestamp&quot;:&quot;0&quot;,&quot;copyright&quot;:&quot;&quot;,&quot;focal_length&quot;:&quot;0&quot;,&quot;iso&quot;:&quot;0&quot;,&quot;shutter_speed&quot;:&quot;0&quot;,&quot;title&quot;:&quot;&quot;,&quot;orientation&quot;:&quot;0&quot;}\" data-image-title=\"Infoabend2018_2\" data-image-description=\"\" data-image-caption=\"\" data-large-file=\"https:\/\/i0.wp.com\/www.quartier-waldacker.de\/wp-content\/uploads\/2018\/01\/Infoabend2018_2.jpg?fit=1024%2C576&amp;ssl=1\" class=\"size-medium wp-image-17086 alignleft\" src=\"https:\/\/i0.wp.com\/www.quartier-waldacker.de\/wp-content\/uploads\/2018\/01\/Infoabend2018_2.jpg?resize=300%2C169&#038;ssl=1\" alt=\"\" width=\"300\" height=\"169\" srcset=\"https:\/\/i0.wp.com\/www.quartier-waldacker.de\/wp-content\/uploads\/2018\/01\/Infoabend2018_2.jpg?resize=300%2C169&amp;ssl=1 300w, https:\/\/i0.wp.com\/www.quartier-waldacker.de\/wp-content\/uploads\/2018\/01\/Infoabend2018_2.jpg?resize=768%2C432&amp;ssl=1 768w, https:\/\/i0.wp.com\/www.quartier-waldacker.de\/wp-content\/uploads\/2018\/01\/Infoabend2018_2.jpg?resize=1024%2C576&amp;ssl=1 1024w, https:\/\/i0.wp.com\/www.quartier-waldacker.de\/wp-content\/uploads\/2018\/01\/Infoabend2018_2.jpg?w=1380&amp;ssl=1 1380w\" sizes=\"auto, (max-width: 300px) 100vw, 300px\" \/><\/a>Die Radfahrgruppe der Quartiersgruppe Waldacker lud alle Tourenteilnehmer und Interessierte zu einem Info-Abend am 12. Januar 2018 in den B\u00fcrgertreff Waldacker ein. 25 Freunde und Freundinnen des Radsportes trafen sich um 18 Uhr zu einem sehr sehenswerten Tourenr\u00fcckblick 2017. F\u00fcr das leibliche Wohl wurde mit jeder Menge K\u00f6stlichkeiten und ausreichend Getr\u00e4nken gesorgt.<\/span><\/p>\n<p><span style=\"font-family: arial, helvetica, sans-serif; font-size: 14pt;\">Zu Beginn der Veranstaltung begr\u00fc\u00dfte der Organisator Reinhold Harnoth die Anwesenden, erl\u00e4uterte kurze den Ablauf des Abends und gab den Start frei f\u00fcr eine von Johannes Ohnesorg erarbeitete PowerPoint-Pr\u00e4sentation. Pr\u00e4sentiert wurden Gro\u00dfteile der im vergangenen Jahr gefahrenen Touren mit Leistungsdaten und Bildern. Die ganze Pr\u00e4sentation wurde mit Songs zum Thema Radfahren unterlegt. Mit gro\u00dfem Beifall und Lobesreden wurde die Arbeit belohnt.<\/span><\/p>\n<p><span style=\"font-family: arial, helvetica, sans-serif; font-size: 14pt;\">Johannes Ohnesorg zeigte allen Interessierten auf der Homepage <a href=\"https:\/\/www.quartier-waldacker.de\">www.Quartier-Waldacker.de<\/a> wo man sich \u00fcber die zuk\u00fcnftigen und auch vergangenen Aktivit\u00e4ten der Quartiersgruppe und vor allem \u00fcber die AG-Radfahren informieren kann.<\/span><\/p>\n<p><span style=\"font-family: arial, helvetica, sans-serif; font-size: 14pt;\">Im Anschluss wurden die von den Frauen selbst gemachten, sehr leckeren Salate und Brote in Buffetform aufgetischt, Rinds- und \u00a0Bockw\u00fcrste in der kleinen K\u00fcche warmgemacht und die mitgebrachten Getr\u00e4nke zum gemeinsamen Schlemmen bereitgestellt. Als Unterhaltung wurden von Reinhold Harnoth in einer Diashow weitere Bilder von den Radtouren 2017 gezeigt.<\/span><\/p>\n<p><span style=\"font-family: arial, helvetica, sans-serif; font-size: 14pt;\">Nach dem gemeinsamen Essen wurde \u00fcber die neue Saison 2018 gesprochen, deren Planung am 26. Januar von dem Organisationsteam Reinhold Harnoth, Gerhard Elsesser und Christa Walter vorgenommen wird. Der Start ist Mitte M\u00e4rz 2018 geplant. \u00dcber die Idee, eine zweite Gruppe mit k\u00fcrzeren Touren anzubieten, wird nachgedacht. An diesem Abend waren sich alle einig, es war eine tolle Veranstaltung die unbedingt im n\u00e4chsten Jahr wiederholt werden sollte.<\/span><\/p>\n<p><span style=\"font-family: arial, helvetica, sans-serif; font-size: 14pt;\">Als Zugabe kann man die 22-min\u00fctige Pr\u00e4sentation als DVD zum Selbstkostenpreis oder als MP4 Datei (2GByte) zum Anschauen am PC erwerben. Beide Formate k\u00f6nnen per E-Mail unter <a href=\"mailto:info@quartier-waldacker.de\">info@quartier-waldacker.de<\/a> anfordert werden. Bei der Anforderung bitte die Adresse angeben.<\/span><\/p>\n<\/div>\n<\/div>\n<\/div>\n<\/div>\n<\/div>\n<\/div>\n<\/div>\n<\/div>\n","protected":false},"excerpt":{"rendered":"<p>Die Radfahrgruppe der Quartiersgruppe Waldacker lud alle Tourenteilnehmer und Interessierte zu einem Info-Abend am 12. Januar 2018 in den B\u00fcrgertreff Waldacker ein. 25 Freunde und Freundinnen des Radsportes trafen sich um 18 Uhr zu einem sehr sehenswerten Tourenr\u00fcckblick 2017. F\u00fcr das leibliche Wohl wurde mit jeder Menge K\u00f6stlichkeiten und ausreichend Getr\u00e4nken gesorgt. Zu Beginn der &#8230; <a title=\"Ein gelungener Infoabend der Radfahrer\" class=\"read-more\" href=\"https:\/\/www.quartier-waldacker.de\/?p=17082\" aria-label=\"Mehr Informationen \u00fcber Ein gelungener Infoabend der Radfahrer\">Weiterlesen<\/a><\/p>\n","protected":false},"author":1,"featured_media":0,"comment_status":"open","ping_status":"closed","sticky":false,"template":"","format":"standard","meta":{"generate_page_header":"","_jetpack_memberships_contains_paid_content":false,"footnotes":""},"categories":[202],"tags":[197],"class_list":["post-17082","post","type-post","status-publish","format-standard","hentry","category-radfahren","tag-radfahren"],"jetpack_featured_media_url":"","jetpack-related-posts":[{"id":9774,"url":"https:\/\/www.quartier-waldacker.de\/?p=9774","url_meta":{"origin":17082,"position":0},"title":"Radweg im \u201eNiemandsland\u201c","author":"admin","date":"23. M\u00e4rz 2016","format":false,"excerpt":"Ein Beitrag von Theo Frie\u00df \u00dcber die Radwege des Stadtteils R\u00f6dermark-Waldacker wird seit der Sanierung der B459 diskutiert. Eine allseits befriedigende L\u00f6sung ist bis heute nicht gefunden. Besonders am Ortseingang - \u00a0aus Dietzenbach kommend \u2013 gibt es gro\u00dfe Unklarheiten. Urspr\u00fcnglich war ab dem Radwegende die Benutzung des B\u00fcrgersteiges auch f\u00fcr\u2026","rel":"","context":"In &quot;B\u00fcrgerschaftliches Engagement&quot;","block_context":{"text":"B\u00fcrgerschaftliches Engagement","link":"https:\/\/www.quartier-waldacker.de\/?cat=184"},"img":{"alt_text":"","src":"","width":0,"height":0},"classes":[]},{"id":14339,"url":"https:\/\/www.quartier-waldacker.de\/?p=14339","url_meta":{"origin":17082,"position":1},"title":"Radtour \u2013 K\u00f6nigsee (Zellhausen), Mainflingen (Badesee), Wasserschloss bei Seligenstadt (50 Km)","author":"Johannes","date":"1. August 2017","format":false,"excerpt":"\u00a0 Bericht und Bilder von Reinhold Harnoth. Unsere 22. Radtour startete um 13 Uhr am B\u00fcrgertreff Waldacker in Richtung Ober-Roden Kl\u00e4rwerk (Rentnerb\u00e4nke) zum Treffpunkt der Mitfahrer aus Ober-Roden. Gemeinsam fuhren wir an Rollwald vorbei, ein St\u00fcck durch Nieder Roden in Richtung Opel Pr\u00fcffeld. Von hier \u00fcber gut befahrbare Feld- und\u2026","rel":"","context":"In &quot;Radtouren&quot;","block_context":{"text":"Radtouren","link":"https:\/\/www.quartier-waldacker.de\/?cat=126"},"img":{"alt_text":"","src":"https:\/\/i0.wp.com\/www.quartier-waldacker.de\/wp-content\/uploads\/2017\/07\/headerWasserschloss.jpg?fit=1200%2C281&ssl=1&resize=350%2C200","width":350,"height":200,"srcset":"https:\/\/i0.wp.com\/www.quartier-waldacker.de\/wp-content\/uploads\/2017\/07\/headerWasserschloss.jpg?fit=1200%2C281&ssl=1&resize=350%2C200 1x, https:\/\/i0.wp.com\/www.quartier-waldacker.de\/wp-content\/uploads\/2017\/07\/headerWasserschloss.jpg?fit=1200%2C281&ssl=1&resize=525%2C300 1.5x, https:\/\/i0.wp.com\/www.quartier-waldacker.de\/wp-content\/uploads\/2017\/07\/headerWasserschloss.jpg?fit=1200%2C281&ssl=1&resize=700%2C400 2x, https:\/\/i0.wp.com\/www.quartier-waldacker.de\/wp-content\/uploads\/2017\/07\/headerWasserschloss.jpg?fit=1200%2C281&ssl=1&resize=1050%2C600 3x"},"classes":[]},{"id":19526,"url":"https:\/\/www.quartier-waldacker.de\/?p=19526","url_meta":{"origin":17082,"position":2},"title":"Radsaison 2019 ist beendet","author":"admin","date":"24. November 2019","format":"image","excerpt":"Die allj\u00e4hrliche Saison der Radfahrer der Quartiersgruppe Waldacker beginnt und endet mit dem WumboR Rundweg. Am 22. Nov. gingen 20 unentwegte Radfahrer bei nass kaltem Wetter auf die letzte Tour. Anschlie\u00dfenden trafen sich die Biker\/innen in der Gastst\u00e4tte \u201eZum L\u00f6wen\u201c zu einer kleinen Abschluss Feier mit Ehrung der Meistteilnehmenden und\u2026","rel":"","context":"In &quot;AG-Radfahren&quot;","block_context":{"text":"AG-Radfahren","link":"https:\/\/www.quartier-waldacker.de\/?cat=202"},"img":{"alt_text":"","src":"https:\/\/i0.wp.com\/www.quartier-waldacker.de\/wp-content\/uploads\/2019\/11\/WA_Quartier_Rad_Abschluss19_02-300x203.jpg?resize=350%2C200&ssl=1","width":350,"height":200},"classes":[]},{"id":23710,"url":"https:\/\/www.quartier-waldacker.de\/?p=23710","url_meta":{"origin":17082,"position":3},"title":"Radtour zu den Osterbrunnen und Tulpenbl\u00fcten(43 km)","author":"Johannes","date":"6. April 2024","format":false,"excerpt":"Die Woche nach Ostern begann mit Regen, der erst am sp\u00e4ten Donnerstagnachmittag aufh\u00f6rte. Am Freitag dann ein Lichtblick f\u00fcr 19 Radfahrerinnen und Radfahrer. Mit leichtem R\u00fcckenwind startete die Gruppe an den Rentnerb\u00e4nken in Ober-Roden Richtung Rodgau. Erste Station war der Osterbrunnen im Vorgarten der evangelischen Pfarrkirche im Stadtteil Dudenhofen. Die\u2026","rel":"","context":"In &quot;Radtouren&quot;","block_context":{"text":"Radtouren","link":"https:\/\/www.quartier-waldacker.de\/?cat=126"},"img":{"alt_text":"","src":"https:\/\/i0.wp.com\/www.quartier-waldacker.de\/wp-content\/uploads\/2024\/03\/Header_Gruppe_2024sr1.jpg?fit=1200%2C281&ssl=1&resize=350%2C200","width":350,"height":200,"srcset":"https:\/\/i0.wp.com\/www.quartier-waldacker.de\/wp-content\/uploads\/2024\/03\/Header_Gruppe_2024sr1.jpg?fit=1200%2C281&ssl=1&resize=350%2C200 1x, https:\/\/i0.wp.com\/www.quartier-waldacker.de\/wp-content\/uploads\/2024\/03\/Header_Gruppe_2024sr1.jpg?fit=1200%2C281&ssl=1&resize=525%2C300 1.5x, https:\/\/i0.wp.com\/www.quartier-waldacker.de\/wp-content\/uploads\/2024\/03\/Header_Gruppe_2024sr1.jpg?fit=1200%2C281&ssl=1&resize=700%2C400 2x, https:\/\/i0.wp.com\/www.quartier-waldacker.de\/wp-content\/uploads\/2024\/03\/Header_Gruppe_2024sr1.jpg?fit=1200%2C281&ssl=1&resize=1050%2C600 3x"},"classes":[]},{"id":24425,"url":"https:\/\/www.quartier-waldacker.de\/?p=24425","url_meta":{"origin":17082,"position":4},"title":"Gelungener Saisonauftakt 2024 der Quartier-Waldacker-Bouler.","author":"Johannes","date":"28. Mai 2024","format":false,"excerpt":"Dem Aufruf der \u00f6ffentlichen Medien folgten am 26. Mai 14 Boulebegeisterte auf den Mehrgenerationenspielplatz Am Lerchenberg in Waldacker. Bei einem kleinen Imbiss und diversen Getr\u00e4nken wurde die Boule-Saison 2024 offiziell er\u00f6ffnet. Es entwickelte sich ein \u00e4u\u00dferst spannendes Spiel, in dem die 2. Gruppe zun\u00e4chst hoch in R\u00fcckstand geriet und dann\u2026","rel":"","context":"In &quot;Boule - Spiel&quot;","block_context":{"text":"Boule - Spiel","link":"https:\/\/www.quartier-waldacker.de\/?cat=63"},"img":{"alt_text":"","src":"https:\/\/i0.wp.com\/www.quartier-waldacker.de\/wp-content\/uploads\/2022\/08\/Unbenannt-3.jpg?fit=1200%2C288&ssl=1&resize=350%2C200","width":350,"height":200,"srcset":"https:\/\/i0.wp.com\/www.quartier-waldacker.de\/wp-content\/uploads\/2022\/08\/Unbenannt-3.jpg?fit=1200%2C288&ssl=1&resize=350%2C200 1x, https:\/\/i0.wp.com\/www.quartier-waldacker.de\/wp-content\/uploads\/2022\/08\/Unbenannt-3.jpg?fit=1200%2C288&ssl=1&resize=525%2C300 1.5x, https:\/\/i0.wp.com\/www.quartier-waldacker.de\/wp-content\/uploads\/2022\/08\/Unbenannt-3.jpg?fit=1200%2C288&ssl=1&resize=700%2C400 2x, https:\/\/i0.wp.com\/www.quartier-waldacker.de\/wp-content\/uploads\/2022\/08\/Unbenannt-3.jpg?fit=1200%2C288&ssl=1&resize=1050%2C600 3x"},"classes":[]},{"id":24256,"url":"https:\/\/www.quartier-waldacker.de\/?p=24256","url_meta":{"origin":17082,"position":5},"title":"Radtour nach Raunheim ins Bembelsche (73 km)","author":"Johannes","date":"11. Mai 2024","format":false,"excerpt":"Der Wettergott meinte es gut mit den Waldackerer Radlerinnen und Radlern am Freitag, den 10.05.2024. Bei besten Radfahrbedingungen startete die Gruppe gegen 11 Uhr am Treffpunkt Bahnhof Offenthal in Richtung Egelsbach. Der heutige Tourenleiter Horst Zimmer, ein erfahrener Vielradler mit ca. 15000 km im Jahr, f\u00fchrte die 21-k\u00f6pfige Fahrradkarawane an.\u2026","rel":"","context":"In &quot;Radtouren&quot;","block_context":{"text":"Radtouren","link":"https:\/\/www.quartier-waldacker.de\/?cat=126"},"img":{"alt_text":"","src":"https:\/\/i0.wp.com\/www.quartier-waldacker.de\/wp-content\/uploads\/2017\/03\/Header_Gruppe_2024_ab2024.jpg?fit=1200%2C281&ssl=1&resize=350%2C200","width":350,"height":200,"srcset":"https:\/\/i0.wp.com\/www.quartier-waldacker.de\/wp-content\/uploads\/2017\/03\/Header_Gruppe_2024_ab2024.jpg?fit=1200%2C281&ssl=1&resize=350%2C200 1x, https:\/\/i0.wp.com\/www.quartier-waldacker.de\/wp-content\/uploads\/2017\/03\/Header_Gruppe_2024_ab2024.jpg?fit=1200%2C281&ssl=1&resize=525%2C300 1.5x, https:\/\/i0.wp.com\/www.quartier-waldacker.de\/wp-content\/uploads\/2017\/03\/Header_Gruppe_2024_ab2024.jpg?fit=1200%2C281&ssl=1&resize=700%2C400 2x, https:\/\/i0.wp.com\/www.quartier-waldacker.de\/wp-content\/uploads\/2017\/03\/Header_Gruppe_2024_ab2024.jpg?fit=1200%2C281&ssl=1&resize=1050%2C600 3x"},"classes":[]}],"jetpack_sharing_enabled":true,"rttpg_featured_image_url":null,"rttpg_author":{"display_name":"admin","author_link":"https:\/\/www.quartier-waldacker.de\/?author=1"},"rttpg_comment":0,"rttpg_category":"<a href=\"https:\/\/www.quartier-waldacker.de\/?cat=202\" rel=\"category\">AG-Radfahren<\/a>","rttpg_excerpt":"Die Radfahrgruppe der Quartiersgruppe Waldacker lud alle Tourenteilnehmer und Interessierte zu einem Info-Abend am 12. Januar 2018 in den B\u00fcrgertreff Waldacker ein. 25 Freunde und Freundinnen des Radsportes trafen sich um 18 Uhr zu einem sehr sehenswerten Tourenr\u00fcckblick 2017. F\u00fcr das leibliche Wohl wurde mit jeder Menge K\u00f6stlichkeiten und ausreichend Getr\u00e4nken gesorgt. Zu Beginn der&hellip;","_links":{"self":[{"href":"https:\/\/www.quartier-waldacker.de\/index.php?rest_route=\/wp\/v2\/posts\/17082","targetHints":{"allow":["GET"]}}],"collection":[{"href":"https:\/\/www.quartier-waldacker.de\/index.php?rest_route=\/wp\/v2\/posts"}],"about":[{"href":"https:\/\/www.quartier-waldacker.de\/index.php?rest_route=\/wp\/v2\/types\/post"}],"author":[{"embeddable":true,"href":"https:\/\/www.quartier-waldacker.de\/index.php?rest_route=\/wp\/v2\/users\/1"}],"replies":[{"embeddable":true,"href":"https:\/\/www.quartier-waldacker.de\/index.php?rest_route=%2Fwp%2Fv2%2Fcomments&post=17082"}],"version-history":[{"count":0,"href":"https:\/\/www.quartier-waldacker.de\/index.php?rest_route=\/wp\/v2\/posts\/17082\/revisions"}],"wp:attachment":[{"href":"https:\/\/www.quartier-waldacker.de\/index.php?rest_route=%2Fwp%2Fv2%2Fmedia&parent=17082"}],"wp:term":[{"taxonomy":"category","embeddable":true,"href":"https:\/\/www.quartier-waldacker.de\/index.php?rest_route=%2Fwp%2Fv2%2Fcategories&post=17082"},{"taxonomy":"post_tag","embeddable":true,"href":"https:\/\/www.quartier-waldacker.de\/index.php?rest_route=%2Fwp%2Fv2%2Ftags&post=17082"}],"curies":[{"name":"wp","href":"https:\/\/api.w.org\/{rel}","templated":true}]}}