{"id":16672,"date":"2018-01-06T11:43:00","date_gmt":"2018-01-06T10:43:00","guid":{"rendered":"https:\/\/www.quartier-waldacker.de\/?p=16672"},"modified":"2018-06-27T21:12:33","modified_gmt":"2018-06-27T19:12:33","slug":"glanz-und-elend-in-der-weimarer-republik","status":"publish","type":"post","link":"https:\/\/www.quartier-waldacker.de\/?p=16672","title":{"rendered":"GLANZ UND ELEND IN DER WEIMARER REPUBLIK"},"content":{"rendered":"<p style=\"text-align: center;\">\u00a0<\/p>\n<p style=\"text-align: right;\"><button id=\"listenButton1\" class=\"responsivevoice-button\" type=\"button\" value=\"Play\" title=\"ResponsiveVoice Tap to Start\/Stop Speech\"><span>&#128266; Vorlesen<\/span><\/button>\n        <script>\n            listenButton1.onclick = function(){\n                if(responsiveVoice.isPlaying()){\n                    responsiveVoice.cancel();\n                }else{\n                    responsiveVoice.speak(\"\u00a0 \u00a0EINE GESELLSCHAFT IM SPIEGEL IHRER ZEIT: DIE SCHIRN KUNSTHALLE FRANKFURT PR\u00c4SENTIERT EINE GROSSE THEMEN-AUSSTELLUNG ZUR KUNST IN DER WEIMARER REPUBLIK \u201eDie Schirn setzt mit \u201aGlanz und Elend in der Weimarer Republik\u2018 ein Gegengewicht zu den bereits vielfach gezeigten Ausstellungen \u00fcber die \u201agoldenen\u2018 1920er-Jahre und wirft einen Blick auf das ungeschminkte Leben in der Weimarer Republik. Die rund 200 Werke der 62 K\u00fcnstlerinnen und K\u00fcnstler halten der Gesellschaft jener Zeit schonungslos den Spiegel vor. So tritt uns eine Epoche am seidenen Faden der Demokratie vor Augen, eine Zeit, die uns vielleicht in mancher Hinsicht n\u00e4her ist, als wir glauben wollen\u201c, so Dr. Philipp Demandt, Direktor der Schirn Kunsthalle Frankfurt, \u00fcber die Ausstellung. Hier einen Kostprobe: https:\/\/www.youtube.com\/watch?v=kDQWn97DgF8 Die Gruppe der Museumsfreunde l\u00e4dt ein zur Ausstellung mit F\u00fchrung am 18.01.2018 oder 25.01.2018* jeweils um 14:30 Uhr in der Kunsthalle Schirn GLANZ UND ELEND IN DER WEIMARER REPUBLIK VON OTTO DIX BIS JEANNE MAMMEN 27. OKTOBER 2017 \u2013 25. FEBRUAR 2018 *Bitte melden Sie sich an unter U.Roebke@t-online.de oder 06074\/97542 und teilen Sie Ihren Wunschtermin mit. Der Termin, zu dem sich die meisten Personen anmelden, wird als Veranstaltungstag gew\u00e4hlt und bekannt gegeben.\", \"Deutsch Female\");\n                }\n            };\n        <\/script>\n    \n<p><span style=\"font-size: 14pt; font-family: arial, helvetica, sans-serif;\">\u00a0<strong>EINE GESELLSCHAFT IM SPIEGEL IHRER ZEIT:<\/strong><\/span><\/p>\n<p><span style=\"font-size: 14pt; font-family: arial, helvetica, sans-serif;\">DIE SCHIRN KUNSTHALLE FRANKFURT PR\u00c4SENTIERT EINE GROSSE THEMEN-AUSSTELLUNG ZUR KUNST IN DER WEIMARER REPUBLIK<\/span><\/p>\n<p><span style=\"font-family: arial, helvetica, sans-serif; font-size: 14pt;\">\u201eDie Schirn setzt mit \u201aGlanz und Elend in der Weimarer Republik\u2018 ein Gegengewicht zu den bereits vielfach gezeigten Ausstellungen \u00fcber die \u201agoldenen\u2018 1920er-Jahre und wirft einen Blick auf das ungeschminkte Leben in der Weimarer Republik. Die rund 200 Werke der 62 K\u00fcnstlerinnen und K\u00fcnstler halten der Gesellschaft jener Zeit schonungslos den Spiegel vor. So tritt uns eine Epoche am seidenen Faden der Demokratie vor Augen, eine Zeit, die uns vielleicht in mancher Hinsicht n\u00e4her ist, als wir glauben wollen\u201c, so Dr. Philipp Demandt, Direktor der Schirn Kunsthalle Frankfurt, \u00fcber die Ausstellung.<\/span><\/p>\n<p><span style=\"font-family: arial, helvetica, sans-serif; font-size: 14pt;\"><strong>Hier einen Kostprobe:<\/strong><\/span><\/p>\n<p><span class=\"embed-youtube\" style=\"text-align:center; display: block;\"><iframe loading=\"lazy\" class=\"youtube-player\" width=\"1200\" height=\"675\" src=\"https:\/\/www.youtube.com\/embed\/kDQWn97DgF8?version=3&#038;rel=1&#038;showsearch=0&#038;showinfo=1&#038;iv_load_policy=1&#038;fs=1&#038;hl=de-DE&#038;autohide=2&#038;wmode=transparent\" allowfullscreen=\"true\" style=\"border:0;\" sandbox=\"allow-scripts allow-same-origin allow-popups allow-presentation allow-popups-to-escape-sandbox\"><\/iframe><\/span><\/p>\n<h1 style=\"text-align: center;\"><span style=\"font-family: arial, helvetica, sans-serif;\">Die Gruppe der Museumsfreunde l\u00e4dt ein zur Ausstellung mit F\u00fchrung am<\/span><\/h1>\n<p style=\"text-align: center;\"><span style=\"font-family: arial, helvetica, sans-serif; font-size: 14pt; background-color: #ffff00;\"><strong>18.01.2018<\/strong> <u>oder<\/u><strong> 25.01.2018<\/strong><strong>*<\/strong><\/span><\/p>\n<p style=\"text-align: center;\"><span style=\"font-family: arial, helvetica, sans-serif; font-size: 14pt;\">jeweils <span style=\"background-color: #ffff00;\">um <strong>14:30 Uhr<\/strong><\/span><\/span><\/p>\n<p style=\"text-align: center;\"><span style=\"font-family: arial, helvetica, sans-serif; font-size: 14pt;\">in der <span style=\"background-color: #ffff00;\">Kunsthalle Schirn<\/span><\/span><\/p>\n<h2 style=\"text-align: center;\"><span style=\"font-family: arial, helvetica, sans-serif;\"><strong>GLANZ UND ELEND IN DER WEIMARER REPUBLIK<\/strong><\/span><\/h2>\n<p style=\"text-align: center;\"><span style=\"font-family: arial, helvetica, sans-serif; font-size: 14pt;\">VON OTTO DIX BIS JEANNE MAMMEN<\/span><\/p>\n<p style=\"text-align: center;\"><span style=\"font-family: arial, helvetica, sans-serif; font-size: 14pt;\">27. OKTOBER 2017 \u2013 25. FEBRUAR 2018<\/span><\/p>\n<p style=\"text-align: center;\"><span style=\"font-family: arial, helvetica, sans-serif; font-size: 14pt;\"><strong>*Bitte melden Sie sich an unter <\/strong><span style=\"background-color: #ffff00;\"><a style=\"background-color: #ffff00;\" href=\"mailto:U.Roebke@t-online.de\"><strong>U.Roebke@t-online.de<\/strong><\/a><\/span><strong> oder <span style=\"background-color: #ffff00;\">06074\/97542<\/span> und teilen Sie Ihren Wunschtermin mit.<\/strong><\/span><\/p>\n<p style=\"text-align: center;\"><span style=\"font-family: arial, helvetica, sans-serif; font-size: 14pt;\">Der Termin, zu dem sich die meisten Personen anmelden, wird als Veranstaltungstag gew\u00e4hlt und bekannt gegeben.<\/span><\/p>\n<p>&nbsp;<\/p>\n","protected":false},"excerpt":{"rendered":"<p>\u00a0 \u00a0EINE GESELLSCHAFT IM SPIEGEL IHRER ZEIT: DIE SCHIRN KUNSTHALLE FRANKFURT PR\u00c4SENTIERT EINE GROSSE THEMEN-AUSSTELLUNG ZUR KUNST IN DER WEIMARER REPUBLIK \u201eDie Schirn setzt mit \u201aGlanz und Elend in der Weimarer Republik\u2018 ein Gegengewicht zu den bereits vielfach gezeigten Ausstellungen \u00fcber die \u201agoldenen\u2018 1920er-Jahre und wirft einen Blick auf das ungeschminkte Leben in der Weimarer &#8230; <a title=\"GLANZ UND ELEND IN DER WEIMARER REPUBLIK\" class=\"read-more\" href=\"https:\/\/www.quartier-waldacker.de\/?p=16672\" aria-label=\"Mehr Informationen \u00fcber GLANZ UND ELEND IN DER WEIMARER REPUBLIK\">Weiterlesen<\/a><\/p>\n","protected":false},"author":1,"featured_media":15713,"comment_status":"open","ping_status":"closed","sticky":false,"template":"","format":"standard","meta":{"generate_page_header":"","_jetpack_memberships_contains_paid_content":false,"footnotes":""},"categories":[161],"tags":[205,211],"class_list":["post-16672","post","type-post","status-publish","format-standard","has-post-thumbnail","hentry","category-kultur","tag-ausstellungen","tag-kunst"],"jetpack_featured_media_url":"https:\/\/i0.wp.com\/www.quartier-waldacker.de\/wp-content\/uploads\/2017\/10\/Museum_Einladung.jpg?fit=1380%2C290&ssl=1","jetpack-related-posts":[{"id":9951,"url":"https:\/\/www.quartier-waldacker.de\/?p=9951","url_meta":{"origin":16672,"position":0},"title":"Selbst Miro-Skeptiker waren vollauf begeistert","author":"admin","date":"19. April 2016","format":false,"excerpt":"Ein Beitrag von Barbara Jungheinrich-H\u00f6hler Die sachkundige und engagierte F\u00fchrung von Jutta Kraft durch die fulminante Ausstellung \u201eSturmfrauen\u201c in der Schirn \u00fcberzeugte uns Museumsfreunde der Quartiersgruppe Waldacker so sehr, dass wir spontan eine weitere F\u00fchrung durch die Miro-Ausstellung absprachen. Am 30. M\u00e4rz ging es los. 7 Teilnehmer fuhren mit Tagesgruppenkarten\u2026","rel":"","context":"In &quot;Kultur\/Kunst&quot;","block_context":{"text":"Kultur\/Kunst","link":"https:\/\/www.quartier-waldacker.de\/?cat=161"},"img":{"alt_text":"","src":"https:\/\/i0.wp.com\/www.quartier-waldacker.de\/wp-content\/uploads\/2017\/06\/Museum9.jpg?fit=1200%2C252&ssl=1&resize=350%2C200","width":350,"height":200,"srcset":"https:\/\/i0.wp.com\/www.quartier-waldacker.de\/wp-content\/uploads\/2017\/06\/Museum9.jpg?fit=1200%2C252&ssl=1&resize=350%2C200 1x, https:\/\/i0.wp.com\/www.quartier-waldacker.de\/wp-content\/uploads\/2017\/06\/Museum9.jpg?fit=1200%2C252&ssl=1&resize=525%2C300 1.5x, https:\/\/i0.wp.com\/www.quartier-waldacker.de\/wp-content\/uploads\/2017\/06\/Museum9.jpg?fit=1200%2C252&ssl=1&resize=700%2C400 2x, https:\/\/i0.wp.com\/www.quartier-waldacker.de\/wp-content\/uploads\/2017\/06\/Museum9.jpg?fit=1200%2C252&ssl=1&resize=1050%2C600 3x"},"classes":[]},{"id":12744,"url":"https:\/\/www.quartier-waldacker.de\/?p=12744","url_meta":{"origin":16672,"position":1},"title":"Radtour &#8211; Dreieichenhain zur Burgruine (26 Km)","author":"admin","date":"29. M\u00e4rz 2017","format":false,"excerpt":"[siteorigin_widget class=\"SiteOrigin_Widget_Image_Widget\"][\/siteorigin_widget] Bericht von Reinhold Harnoth Eine Radtour \u00fcber Dietzenbach, durch die liebevoll restaurierten Altstadtgassen, am\u00a0Aussichtsturm vorbei \u00fcber Gut Neuhof\/Golfplatz nach Dreieichenhain.\u00a0\u201eAuf der Hub\u201c in G\u00f6tzenhain bietet sich ein toller Ausblick auf die Skyline von Frankfurt. In Dreieichenhain angekommen, besteht die M\u00f6glichkeit die Besichtigung der\u00a0Burg Hayn und der Besuch der\u00a0historischen\u2026","rel":"","context":"In &quot;Radtouren&quot;","block_context":{"text":"Radtouren","link":"https:\/\/www.quartier-waldacker.de\/?cat=126"},"img":{"alt_text":"","src":"https:\/\/i0.wp.com\/www.quartier-waldacker.de\/wp-content\/uploads\/2017\/04\/RadHead_2_780.jpg?fit=1200%2C281&ssl=1&resize=350%2C200","width":350,"height":200,"srcset":"https:\/\/i0.wp.com\/www.quartier-waldacker.de\/wp-content\/uploads\/2017\/04\/RadHead_2_780.jpg?fit=1200%2C281&ssl=1&resize=350%2C200 1x, https:\/\/i0.wp.com\/www.quartier-waldacker.de\/wp-content\/uploads\/2017\/04\/RadHead_2_780.jpg?fit=1200%2C281&ssl=1&resize=525%2C300 1.5x, https:\/\/i0.wp.com\/www.quartier-waldacker.de\/wp-content\/uploads\/2017\/04\/RadHead_2_780.jpg?fit=1200%2C281&ssl=1&resize=700%2C400 2x, https:\/\/i0.wp.com\/www.quartier-waldacker.de\/wp-content\/uploads\/2017\/04\/RadHead_2_780.jpg?fit=1200%2C281&ssl=1&resize=1050%2C600 3x"},"classes":[]},{"id":25650,"url":"https:\/\/www.quartier-waldacker.de\/?p=25650","url_meta":{"origin":16672,"position":2},"title":"\u201eIhr seid schuld, dass es mir so gut geht!\u201c","author":"admin","date":"23. Oktober 2024","format":false,"excerpt":"Beitrag von Christine Ziesecke - Offenbach Post Die Lebenserwartung steigt; immer mehr B\u00fcrgerinnen und B\u00fcrger erreichen die Grenze des 90. Lebensjahres und mehr. Doch wohl wenige sind \u2013 geistig wie k\u00f6rperlich - so fit wie Roman Wei\u00dfenberger, der am Montag im B\u00fcrgertreff eine kleine Geburtstagsfeier ausgerichtet bekam. Die Fahrradgruppe, die\u2026","rel":"","context":"In &quot;AG-Radfahren&quot;","block_context":{"text":"AG-Radfahren","link":"https:\/\/www.quartier-waldacker.de\/?cat=202"},"img":{"alt_text":"","src":"https:\/\/i0.wp.com\/www.quartier-waldacker.de\/wp-content\/uploads\/2024\/10\/GB95-_1280.jpg?fit=1200%2C281&ssl=1&resize=350%2C200","width":350,"height":200,"srcset":"https:\/\/i0.wp.com\/www.quartier-waldacker.de\/wp-content\/uploads\/2024\/10\/GB95-_1280.jpg?fit=1200%2C281&ssl=1&resize=350%2C200 1x, https:\/\/i0.wp.com\/www.quartier-waldacker.de\/wp-content\/uploads\/2024\/10\/GB95-_1280.jpg?fit=1200%2C281&ssl=1&resize=525%2C300 1.5x, https:\/\/i0.wp.com\/www.quartier-waldacker.de\/wp-content\/uploads\/2024\/10\/GB95-_1280.jpg?fit=1200%2C281&ssl=1&resize=700%2C400 2x, https:\/\/i0.wp.com\/www.quartier-waldacker.de\/wp-content\/uploads\/2024\/10\/GB95-_1280.jpg?fit=1200%2C281&ssl=1&resize=1050%2C600 3x"},"classes":[]},{"id":19315,"url":"https:\/\/www.quartier-waldacker.de\/?p=19315","url_meta":{"origin":16672,"position":3},"title":"Ein Geb\u00e4ude ist nicht nur Stein &#8211; da kommen Menschen zusammen","author":"admin","date":"5. September 2019","format":false,"excerpt":"B\u00fcrgertreff Waldacker feierte kunterbunten 30. Geburtstag Ein Beitrag von Christine Ziesecke Waldacker, so lebendig wie in den letzten Monaten war\u2018s wohl selten im B\u00fcrgertreff Waldacker: nach 30 Jahren wechselhafter Geschichte dieses kleinen Ortsteil-Zentrums und immer wieder wechselnder Auslastung durch die B\u00fcrger von Babygruppen bis zu Seniorenkreisen und vom Schachgr\u00fcbeln bis\u2026","rel":"","context":"In &quot;Feste&quot;","block_context":{"text":"Feste","link":"https:\/\/www.quartier-waldacker.de\/?cat=16"},"img":{"alt_text":"","src":"https:\/\/i0.wp.com\/www.quartier-waldacker.de\/wp-content\/uploads\/2019\/08\/Header-B%C3%BCrgertreff-Feier.jpg?fit=1200%2C261&ssl=1&resize=350%2C200","width":350,"height":200,"srcset":"https:\/\/i0.wp.com\/www.quartier-waldacker.de\/wp-content\/uploads\/2019\/08\/Header-B%C3%BCrgertreff-Feier.jpg?fit=1200%2C261&ssl=1&resize=350%2C200 1x, https:\/\/i0.wp.com\/www.quartier-waldacker.de\/wp-content\/uploads\/2019\/08\/Header-B%C3%BCrgertreff-Feier.jpg?fit=1200%2C261&ssl=1&resize=525%2C300 1.5x, https:\/\/i0.wp.com\/www.quartier-waldacker.de\/wp-content\/uploads\/2019\/08\/Header-B%C3%BCrgertreff-Feier.jpg?fit=1200%2C261&ssl=1&resize=700%2C400 2x, https:\/\/i0.wp.com\/www.quartier-waldacker.de\/wp-content\/uploads\/2019\/08\/Header-B%C3%BCrgertreff-Feier.jpg?fit=1200%2C261&ssl=1&resize=1050%2C600 3x"},"classes":[]},{"id":25745,"url":"https:\/\/www.quartier-waldacker.de\/?p=25745","url_meta":{"origin":16672,"position":4},"title":"\u00dcberraschungs-Radtour zur Badal&#8217;s K\u00fcche nach OF-Waldhof","author":"Johannes","date":"3. November 2024","format":false,"excerpt":"Start:Der November ist meist neblig, nasskalt und tr\u00fcb. So auch der erste Tag des Monats. Trotz dieses widrigen Wetters machten sich 17 Radlerinnen und Radler der Radgruppe Quartier-Waldacker auf den Weg zu einer weiteren \u00dcberraschungsradtour. Weder die Richtung noch das Einkehrlokal wurden vom heutigen Tourenleiter Fokko Vogelsang bei der Begr\u00fc\u00dfung\u2026","rel":"","context":"In &quot;Radtouren&quot;","block_context":{"text":"Radtouren","link":"https:\/\/www.quartier-waldacker.de\/?cat=126"},"img":{"alt_text":"","src":"https:\/\/i0.wp.com\/www.quartier-waldacker.de\/wp-content\/uploads\/2024\/03\/Header_Gruppe_2024sr1.jpg?fit=1200%2C281&ssl=1&resize=350%2C200","width":350,"height":200,"srcset":"https:\/\/i0.wp.com\/www.quartier-waldacker.de\/wp-content\/uploads\/2024\/03\/Header_Gruppe_2024sr1.jpg?fit=1200%2C281&ssl=1&resize=350%2C200 1x, https:\/\/i0.wp.com\/www.quartier-waldacker.de\/wp-content\/uploads\/2024\/03\/Header_Gruppe_2024sr1.jpg?fit=1200%2C281&ssl=1&resize=525%2C300 1.5x, https:\/\/i0.wp.com\/www.quartier-waldacker.de\/wp-content\/uploads\/2024\/03\/Header_Gruppe_2024sr1.jpg?fit=1200%2C281&ssl=1&resize=700%2C400 2x, https:\/\/i0.wp.com\/www.quartier-waldacker.de\/wp-content\/uploads\/2024\/03\/Header_Gruppe_2024sr1.jpg?fit=1200%2C281&ssl=1&resize=1050%2C600 3x"},"classes":[]},{"id":26573,"url":"https:\/\/www.quartier-waldacker.de\/?p=26573","url_meta":{"origin":16672,"position":5},"title":"Siedlergemeinschaft und die Quartiersgruppe treffen sich!","author":"admin","date":"16. M\u00e4rz 2025","format":false,"excerpt":"Ein Beitrag von Silvia Rebell Am Mittwoch, den 12. M\u00e4rz, fand ein sch\u00f6nes und inspirierendes Zusammentreffen der\u00a0Quartiersgruppe Waldacker und\u00a0der\u00a0Siedlergemeinschaft R\u00f6dermark-Waldacker\u00a0statt. In geselliger Runde kamen nicht nur die\u00a0aktiven Seniorinnen und Senioren zusammen, die sich bereits mit gro\u00dfem Engagement in der Quartiersarbeit einbringen. Sie gestalten regelm\u00e4\u00dfig Programme und Veranstaltungen, die auf ihre\u2026","rel":"","context":"In \"2025\"","block_context":{"text":"2025","link":"https:\/\/www.quartier-waldacker.de\/?tag=2025"},"img":{"alt_text":"","src":"https:\/\/i0.wp.com\/www.quartier-waldacker.de\/wp-content\/uploads\/2025\/03\/Headers_gemeinsam1280.jpg?fit=1200%2C281&ssl=1&resize=350%2C200","width":350,"height":200,"srcset":"https:\/\/i0.wp.com\/www.quartier-waldacker.de\/wp-content\/uploads\/2025\/03\/Headers_gemeinsam1280.jpg?fit=1200%2C281&ssl=1&resize=350%2C200 1x, https:\/\/i0.wp.com\/www.quartier-waldacker.de\/wp-content\/uploads\/2025\/03\/Headers_gemeinsam1280.jpg?fit=1200%2C281&ssl=1&resize=525%2C300 1.5x, https:\/\/i0.wp.com\/www.quartier-waldacker.de\/wp-content\/uploads\/2025\/03\/Headers_gemeinsam1280.jpg?fit=1200%2C281&ssl=1&resize=700%2C400 2x, https:\/\/i0.wp.com\/www.quartier-waldacker.de\/wp-content\/uploads\/2025\/03\/Headers_gemeinsam1280.jpg?fit=1200%2C281&ssl=1&resize=1050%2C600 3x"},"classes":[]}],"jetpack_sharing_enabled":true,"rttpg_featured_image_url":{"full":["https:\/\/i0.wp.com\/www.quartier-waldacker.de\/wp-content\/uploads\/2017\/10\/Museum_Einladung.jpg?fit=1380%2C290&ssl=1",1380,290,false],"landscape":["https:\/\/www.quartier-waldacker.de\/wp-content\/uploads\/2017\/10\/Museum_Einladung.jpg",1380,290,false],"portraits":["https:\/\/www.quartier-waldacker.de\/wp-content\/uploads\/2017\/10\/Museum_Einladung.jpg",1380,290,false],"thumbnail":["https:\/\/i0.wp.com\/www.quartier-waldacker.de\/wp-content\/uploads\/2017\/10\/Museum_Einladung.jpg?resize=150%2C150&ssl=1",150,150,true],"medium":["https:\/\/i0.wp.com\/www.quartier-waldacker.de\/wp-content\/uploads\/2017\/10\/Museum_Einladung.jpg?fit=300%2C63&ssl=1",300,63,true],"large":["https:\/\/i0.wp.com\/www.quartier-waldacker.de\/wp-content\/uploads\/2017\/10\/Museum_Einladung.jpg?fit=1024%2C215&ssl=1",1024,215,true],"1536x1536":["https:\/\/i0.wp.com\/www.quartier-waldacker.de\/wp-content\/uploads\/2017\/10\/Museum_Einladung.jpg?fit=1380%2C290&ssl=1",1380,290,true],"2048x2048":["https:\/\/i0.wp.com\/www.quartier-waldacker.de\/wp-content\/uploads\/2017\/10\/Museum_Einladung.jpg?fit=1380%2C290&ssl=1",1380,290,true]},"rttpg_author":{"display_name":"admin","author_link":"https:\/\/www.quartier-waldacker.de\/?author=1"},"rttpg_comment":2,"rttpg_category":"<a href=\"https:\/\/www.quartier-waldacker.de\/?cat=161\" rel=\"category\">Kultur\/Kunst<\/a>","rttpg_excerpt":"\u00a0 \u00a0EINE GESELLSCHAFT IM SPIEGEL IHRER ZEIT: DIE SCHIRN KUNSTHALLE FRANKFURT PR\u00c4SENTIERT EINE GROSSE THEMEN-AUSSTELLUNG ZUR KUNST IN DER WEIMARER REPUBLIK \u201eDie Schirn setzt mit \u201aGlanz und Elend in der Weimarer Republik\u2018 ein Gegengewicht zu den bereits vielfach gezeigten Ausstellungen \u00fcber die \u201agoldenen\u2018 1920er-Jahre und wirft einen Blick auf das ungeschminkte Leben in der Weimarer&hellip;","_links":{"self":[{"href":"https:\/\/www.quartier-waldacker.de\/index.php?rest_route=\/wp\/v2\/posts\/16672","targetHints":{"allow":["GET"]}}],"collection":[{"href":"https:\/\/www.quartier-waldacker.de\/index.php?rest_route=\/wp\/v2\/posts"}],"about":[{"href":"https:\/\/www.quartier-waldacker.de\/index.php?rest_route=\/wp\/v2\/types\/post"}],"author":[{"embeddable":true,"href":"https:\/\/www.quartier-waldacker.de\/index.php?rest_route=\/wp\/v2\/users\/1"}],"replies":[{"embeddable":true,"href":"https:\/\/www.quartier-waldacker.de\/index.php?rest_route=%2Fwp%2Fv2%2Fcomments&post=16672"}],"version-history":[{"count":0,"href":"https:\/\/www.quartier-waldacker.de\/index.php?rest_route=\/wp\/v2\/posts\/16672\/revisions"}],"wp:featuredmedia":[{"embeddable":true,"href":"https:\/\/www.quartier-waldacker.de\/index.php?rest_route=\/wp\/v2\/media\/15713"}],"wp:attachment":[{"href":"https:\/\/www.quartier-waldacker.de\/index.php?rest_route=%2Fwp%2Fv2%2Fmedia&parent=16672"}],"wp:term":[{"taxonomy":"category","embeddable":true,"href":"https:\/\/www.quartier-waldacker.de\/index.php?rest_route=%2Fwp%2Fv2%2Fcategories&post=16672"},{"taxonomy":"post_tag","embeddable":true,"href":"https:\/\/www.quartier-waldacker.de\/index.php?rest_route=%2Fwp%2Fv2%2Ftags&post=16672"}],"curies":[{"name":"wp","href":"https:\/\/api.w.org\/{rel}","templated":true}]}}