{"id":16492,"date":"2017-12-16T11:20:49","date_gmt":"2017-12-16T10:20:49","guid":{"rendered":"https:\/\/www.quartier-waldacker.de\/?p=16492"},"modified":"2023-01-14T17:05:44","modified_gmt":"2023-01-14T16:05:44","slug":"jahresausklang-2017-senioren-feiern-statt-lernen","status":"publish","type":"post","link":"https:\/\/www.quartier-waldacker.de\/?p=16492","title":{"rendered":"Jahresausklang 2017 &#8211; Senioren feiern statt lernen"},"content":{"rendered":"<figure class=\"wp-block-post-featured-image\"><img data-recalc-dims=\"1\" loading=\"lazy\" decoding=\"async\" width=\"1200\" height=\"281\" src=\"https:\/\/i0.wp.com\/www.quartier-waldacker.de\/wp-content\/uploads\/2017\/12\/Chrstmas2017.jpg?resize=1200%2C281&#038;ssl=1\" class=\"attachment-post-thumbnail size-post-thumbnail wp-post-image\" alt=\"\" style=\"object-fit:cover;\" srcset=\"https:\/\/i0.wp.com\/www.quartier-waldacker.de\/wp-content\/uploads\/2017\/12\/Chrstmas2017.jpg?w=1280&amp;ssl=1 1280w, https:\/\/i0.wp.com\/www.quartier-waldacker.de\/wp-content\/uploads\/2017\/12\/Chrstmas2017.jpg?resize=300%2C70&amp;ssl=1 300w, https:\/\/i0.wp.com\/www.quartier-waldacker.de\/wp-content\/uploads\/2017\/12\/Chrstmas2017.jpg?resize=768%2C180&amp;ssl=1 768w, https:\/\/i0.wp.com\/www.quartier-waldacker.de\/wp-content\/uploads\/2017\/12\/Chrstmas2017.jpg?resize=1024%2C240&amp;ssl=1 1024w\" sizes=\"auto, (max-width: 1200px) 100vw, 1200px\" data-attachment-id=\"16497\" data-permalink=\"https:\/\/www.quartier-waldacker.de\/?attachment_id=16497#main\" data-orig-file=\"https:\/\/i0.wp.com\/www.quartier-waldacker.de\/wp-content\/uploads\/2017\/12\/Chrstmas2017.jpg?fit=1280%2C300&amp;ssl=1\" data-orig-size=\"1280,300\" data-comments-opened=\"1\" data-image-meta=\"{&quot;aperture&quot;:&quot;0&quot;,&quot;credit&quot;:&quot;&quot;,&quot;camera&quot;:&quot;&quot;,&quot;caption&quot;:&quot;&quot;,&quot;created_timestamp&quot;:&quot;0&quot;,&quot;copyright&quot;:&quot;&quot;,&quot;focal_length&quot;:&quot;0&quot;,&quot;iso&quot;:&quot;0&quot;,&quot;shutter_speed&quot;:&quot;0&quot;,&quot;title&quot;:&quot;&quot;,&quot;orientation&quot;:&quot;1&quot;}\" data-image-title=\"Chrstmas2017\" data-image-description=\"\" data-image-caption=\"\" data-large-file=\"https:\/\/i0.wp.com\/www.quartier-waldacker.de\/wp-content\/uploads\/2017\/12\/Chrstmas2017.jpg?fit=1024%2C240&amp;ssl=1\" \/><\/figure>\n\n<button id=\"listenButton1\" class=\"responsivevoice-button\" type=\"button\" value=\"Play\" title=\"ResponsiveVoice Tap to Start\/Stop Speech\"><span>&#128266; Vorlesen<\/span><\/button>\n        <script>\n            listenButton1.onclick = function(){\n                if(responsiveVoice.isPlaying()){\n                    responsiveVoice.cancel();\n                }else{\n                    responsiveVoice.speak(\"Die Workshop Gruppe \u201eSenioren, PC und Internet\u201c der Quartiersgruppe Waldacker trifft sich zum Jahresausklang am 20. Dezember um 18 Uhr in den \u201eK\u00f6niglich, bayrischen Stuben\u201c in der Bachgasse 24, Urberach. Der \u00fcbliche Workshop um 14 Uhr 30 f\u00e4llt an diesem Tag aus.Der n\u00e4chste Workshop \u201eWindows10 f\u00fcr Anf\u00e4nger und Fortgeschrittene\u201cfindet am 17.Januar 2018, f\u00fcr Tablet und Smartphone am 24.01.2018 statt. Zeit und Ort wie gewohnt um 14 Uhr 30 im B\u00fcrgertreff Waldacker. Das Workshop-Team Johannes Ohnesorg Horst Hyland, Gerhard Loos und Peter Brinkhus w\u00fcnscht ihnen Allen ein frohes und gesegnetes Weihnachtenfest und einen guten Start ins neue Jahr.\", \"Deutsch Female\");\n                }\n            };\n        <\/script>\n    \n\n\n\n<p class=\"has-medium-font-size\">Die Workshop Gruppe \u201eSenioren, PC und Internet\u201c der Quartiersgruppe Waldacker trifft sich zum Jahresausklang am 20. Dezember um 18 Uhr in den \u201e<strong>K\u00f6niglich, bayrischen Stuben<\/strong>\u201c in der Bachgasse 24, Urberach. Der \u00fcbliche Workshop um 14 Uhr 30 f\u00e4llt an diesem Tag aus.Der n\u00e4chste Workshop \u201eWindows10 f\u00fcr Anf\u00e4nger und Fortgeschrittene\u201c&nbsp;findet am 17.Januar 2018, f\u00fcr Tablet und Smartphone am 24.01.2018 statt. Zeit und Ort wie gewohnt um 14 Uhr 30 im B\u00fcrgertreff Waldacker.<\/p>\n\n\n<div class=\"wp-block-image\">\n<figure class=\"aligncenter size-full\"><img data-recalc-dims=\"1\" loading=\"lazy\" decoding=\"async\" width=\"400\" height=\"200\" data-attachment-id=\"16504\" data-permalink=\"https:\/\/www.quartier-waldacker.de\/?attachment_id=16504#main\" data-orig-file=\"https:\/\/i0.wp.com\/www.quartier-waldacker.de\/wp-content\/uploads\/2017\/12\/Sternen3.png?fit=400%2C200&amp;ssl=1\" data-orig-size=\"400,200\" data-comments-opened=\"1\" data-image-meta=\"{&quot;aperture&quot;:&quot;0&quot;,&quot;credit&quot;:&quot;&quot;,&quot;camera&quot;:&quot;&quot;,&quot;caption&quot;:&quot;&quot;,&quot;created_timestamp&quot;:&quot;0&quot;,&quot;copyright&quot;:&quot;&quot;,&quot;focal_length&quot;:&quot;0&quot;,&quot;iso&quot;:&quot;0&quot;,&quot;shutter_speed&quot;:&quot;0&quot;,&quot;title&quot;:&quot;&quot;,&quot;orientation&quot;:&quot;0&quot;}\" data-image-title=\"Sternen3\" data-image-description=\"\" data-image-caption=\"\" data-large-file=\"https:\/\/i0.wp.com\/www.quartier-waldacker.de\/wp-content\/uploads\/2017\/12\/Sternen3.png?fit=400%2C200&amp;ssl=1\" src=\"https:\/\/i0.wp.com\/www.quartier-waldacker.de\/wp-content\/uploads\/2017\/12\/Sternen3.png?resize=400%2C200&#038;ssl=1\" alt=\"\" class=\"wp-image-16504\" srcset=\"https:\/\/i0.wp.com\/www.quartier-waldacker.de\/wp-content\/uploads\/2017\/12\/Sternen3.png?w=400&amp;ssl=1 400w, https:\/\/i0.wp.com\/www.quartier-waldacker.de\/wp-content\/uploads\/2017\/12\/Sternen3.png?resize=300%2C150&amp;ssl=1 300w\" sizes=\"auto, (max-width: 400px) 100vw, 400px\" \/><\/figure>\n<\/div>\n\n\n<p class=\"has-medium-font-size\">Das Workshop-Team Johannes Ohnesorg Horst Hyland, Gerhard Loos und Peter Brinkhus w\u00fcnscht ihnen Allen ein frohes und gesegnetes Weihnachtenfest und einen guten Start ins neue Jahr.<\/p>\n\n\n<div class=\"wp-block-image\">\n<figure class=\"aligncenter size-medium\"><img data-recalc-dims=\"1\" loading=\"lazy\" decoding=\"async\" width=\"300\" height=\"196\" data-attachment-id=\"16503\" data-permalink=\"https:\/\/www.quartier-waldacker.de\/?attachment_id=16503#main\" data-orig-file=\"https:\/\/i0.wp.com\/www.quartier-waldacker.de\/wp-content\/uploads\/2017\/12\/emotions-2915279_1920.png?fit=1920%2C1255&amp;ssl=1\" data-orig-size=\"1920,1255\" data-comments-opened=\"1\" data-image-meta=\"{&quot;aperture&quot;:&quot;0&quot;,&quot;credit&quot;:&quot;&quot;,&quot;camera&quot;:&quot;&quot;,&quot;caption&quot;:&quot;&quot;,&quot;created_timestamp&quot;:&quot;0&quot;,&quot;copyright&quot;:&quot;&quot;,&quot;focal_length&quot;:&quot;0&quot;,&quot;iso&quot;:&quot;0&quot;,&quot;shutter_speed&quot;:&quot;0&quot;,&quot;title&quot;:&quot;&quot;,&quot;orientation&quot;:&quot;0&quot;}\" data-image-title=\"emotions-2915279_1920\" data-image-description=\"\" data-image-caption=\"\" data-large-file=\"https:\/\/i0.wp.com\/www.quartier-waldacker.de\/wp-content\/uploads\/2017\/12\/emotions-2915279_1920.png?fit=1024%2C669&amp;ssl=1\" src=\"https:\/\/i0.wp.com\/www.quartier-waldacker.de\/wp-content\/uploads\/2017\/12\/emotions-2915279_1920.png?resize=300%2C196&#038;ssl=1\" alt=\"\" class=\"wp-image-16503\" srcset=\"https:\/\/i0.wp.com\/www.quartier-waldacker.de\/wp-content\/uploads\/2017\/12\/emotions-2915279_1920.png?resize=300%2C196&amp;ssl=1 300w, https:\/\/i0.wp.com\/www.quartier-waldacker.de\/wp-content\/uploads\/2017\/12\/emotions-2915279_1920.png?resize=768%2C502&amp;ssl=1 768w, https:\/\/i0.wp.com\/www.quartier-waldacker.de\/wp-content\/uploads\/2017\/12\/emotions-2915279_1920.png?resize=1024%2C669&amp;ssl=1 1024w, https:\/\/i0.wp.com\/www.quartier-waldacker.de\/wp-content\/uploads\/2017\/12\/emotions-2915279_1920.png?w=1920&amp;ssl=1 1920w\" sizes=\"auto, (max-width: 300px) 100vw, 300px\" \/><\/figure>\n<\/div>","protected":false},"excerpt":{"rendered":"<p>Die Workshop Gruppe \u201eSenioren, PC und Internet\u201c der Quartiersgruppe Waldacker trifft sich zum Jahresausklang am 20. Dezember um 18 Uhr in den \u201eK\u00f6niglich, bayrischen Stuben\u201c in der Bachgasse 24, Urberach. Der \u00fcbliche Workshop um 14 Uhr 30 f\u00e4llt an diesem Tag aus.Der n\u00e4chste Workshop \u201eWindows10 f\u00fcr Anf\u00e4nger und Fortgeschrittene\u201c&nbsp;findet am 17.Januar 2018, f\u00fcr Tablet und &#8230; <a title=\"Jahresausklang 2017 &#8211; Senioren feiern statt lernen\" class=\"read-more\" href=\"https:\/\/www.quartier-waldacker.de\/?p=16492\" aria-label=\"Mehr Informationen \u00fcber Jahresausklang 2017 &#8211; Senioren feiern statt lernen\">Weiterlesen<\/a><\/p>\n","protected":false},"author":1,"featured_media":16497,"comment_status":"open","ping_status":"closed","sticky":false,"template":"","format":"standard","meta":{"generate_page_header":"","_jetpack_memberships_contains_paid_content":false,"footnotes":""},"categories":[172],"tags":[230,231],"class_list":["post-16492","post","type-post","status-publish","format-standard","has-post-thumbnail","hentry","category-workshop","tag-pc-gruppe","tag-workshop"],"jetpack_featured_media_url":"https:\/\/i0.wp.com\/www.quartier-waldacker.de\/wp-content\/uploads\/2017\/12\/Chrstmas2017.jpg?fit=1280%2C300&ssl=1","jetpack-related-posts":[{"id":16698,"url":"https:\/\/www.quartier-waldacker.de\/?p=16698","url_meta":{"origin":16492,"position":0},"title":"Die PC-Workshopgruppen traf sich zum Jahresausklang 2017","author":"admin","date":"8. Januar 2018","format":false,"excerpt":"Alle Jahre wieder feiert die Arbeitsgruppe \u201eSenioren, PC und Internet\u201c den Jahresausklang. Diesmal trafen sich die Freuden der digitalen Herausforderung real in den \u201eK\u00f6niglich, Bayrische Stuben\u201c in Urberach zu einem gemeinsamen Essen. Die K\u00f6chin und Inhaberin Barbara hielt die 23 Workshop-Teilnehmer mit einem gutem Essen bei Laune. Danach\u00a0 wurde es\u2026","rel":"","context":"In &quot;Workshop&quot;","block_context":{"text":"Workshop","link":"https:\/\/www.quartier-waldacker.de\/?cat=172"},"img":{"alt_text":"","src":"https:\/\/i0.wp.com\/www.quartier-waldacker.de\/wp-content\/uploads\/2017\/12\/Chrstmas2017.jpg?fit=1200%2C281&ssl=1&resize=350%2C200","width":350,"height":200,"srcset":"https:\/\/i0.wp.com\/www.quartier-waldacker.de\/wp-content\/uploads\/2017\/12\/Chrstmas2017.jpg?fit=1200%2C281&ssl=1&resize=350%2C200 1x, https:\/\/i0.wp.com\/www.quartier-waldacker.de\/wp-content\/uploads\/2017\/12\/Chrstmas2017.jpg?fit=1200%2C281&ssl=1&resize=525%2C300 1.5x, https:\/\/i0.wp.com\/www.quartier-waldacker.de\/wp-content\/uploads\/2017\/12\/Chrstmas2017.jpg?fit=1200%2C281&ssl=1&resize=700%2C400 2x, https:\/\/i0.wp.com\/www.quartier-waldacker.de\/wp-content\/uploads\/2017\/12\/Chrstmas2017.jpg?fit=1200%2C281&ssl=1&resize=1050%2C600 3x"},"classes":[]},{"id":7420,"url":"https:\/\/www.quartier-waldacker.de\/?p=7420","url_meta":{"origin":16492,"position":1},"title":"Kostenloses Augentraining f\u00fcr Senioren und Seniorinnen im B\u00fcrgertreff Waldacker","author":"admin","date":"30. Januar 2015","format":false,"excerpt":"Am 13. Februar 2015 und an zwei weiteren Terminen findet von 15.00 Uhr bis 16.00 Uhr im B\u00fcrgertreff Waldacker unter der Leitung von Angelika Tank ein kostenloses Augentraining statt. Sie lernen in diesem Kurs M\u00f6glichkeiten kennen, Ihren Augen zum besseren und entspannten Sehen zu verhelfen. Gezeigt werden alternative Methoden, wie\u2026","rel":"","context":"In &quot;Fitness&quot;","block_context":{"text":"Fitness","link":"https:\/\/www.quartier-waldacker.de\/?cat=187"},"img":{"alt_text":"","src":"https:\/\/i0.wp.com\/www.quartier-waldacker.de\/wp-content\/uploads\/2015\/01\/Aug-300x200.jpg?resize=350%2C200&ssl=1","width":350,"height":200},"classes":[]},{"id":19427,"url":"https:\/\/www.quartier-waldacker.de\/?p=19427","url_meta":{"origin":16492,"position":2},"title":"Workshop &#8211; &#8220;Senioren, PC und Internet&#8221; startet zum 6. Mal","author":"admin","date":"23. September 2019","format":false,"excerpt":"Ein Computer\/Smartphone bzw. Tablet ist heutzutage als Standardeinrichtung in fast jedem Haushalt und dient als Lexikon, Abwickeln von Bankgesch\u00e4ften, Einkaufen im Internet und Konversation. Also ein Ger\u00e4t, das unser Alltagsleben erheblich erleichtert soll und kann. Ein Team der Quartiersgruppe Waldacker vermittelt Ihnen in ihren Workshops die vielen Funktionen dieser Ger\u00e4te\u2026","rel":"","context":"In &quot;Workshop&quot;","block_context":{"text":"Workshop","link":"https:\/\/www.quartier-waldacker.de\/?cat=172"},"img":{"alt_text":"","src":"https:\/\/i0.wp.com\/www.quartier-waldacker.de\/wp-content\/uploads\/2019\/09\/Header-PC.jpg?fit=1200%2C281&ssl=1&resize=350%2C200","width":350,"height":200,"srcset":"https:\/\/i0.wp.com\/www.quartier-waldacker.de\/wp-content\/uploads\/2019\/09\/Header-PC.jpg?fit=1200%2C281&ssl=1&resize=350%2C200 1x, https:\/\/i0.wp.com\/www.quartier-waldacker.de\/wp-content\/uploads\/2019\/09\/Header-PC.jpg?fit=1200%2C281&ssl=1&resize=525%2C300 1.5x, https:\/\/i0.wp.com\/www.quartier-waldacker.de\/wp-content\/uploads\/2019\/09\/Header-PC.jpg?fit=1200%2C281&ssl=1&resize=700%2C400 2x, https:\/\/i0.wp.com\/www.quartier-waldacker.de\/wp-content\/uploads\/2019\/09\/Header-PC.jpg?fit=1200%2C281&ssl=1&resize=1050%2C600 3x"},"classes":[]},{"id":10693,"url":"https:\/\/www.quartier-waldacker.de\/?p=10693","url_meta":{"origin":16492,"position":3},"title":"PC Gruppe im 3. Jahr vor dem Weihnachtsfeier","author":"Gerhard Loos","date":"8. Dezember 2016","format":false,"excerpt":"Die PC Gruppe trifft sich vor Weihnachten zum Jahresausklang am Mittwoch den 21.Dezember 2016 um 17 Uhr \u00a0im\u00a0LINDENHOF R\u00f6dermark\/Ober-Roden\u00a0\u00a0 Nieder-R\u00f6der-Stra\u00dfe 22 Seit Anfang Oktober treffen sich w\u00f6chentlich immer mittwochs\u00a0 f\u00fcr 2 Stunden 25 engagierte Teilnehmer im B\u00fcrgertreff Waldacker. Horst Hyland leitet die Anf\u00e4ngergruppe und Johannes Ohnesorg und Gerhard Loos die\u2026","rel":"","context":"In &quot;Workshop&quot;","block_context":{"text":"Workshop","link":"https:\/\/www.quartier-waldacker.de\/?cat=172"},"img":{"alt_text":"","src":"https:\/\/i0.wp.com\/www.quartier-waldacker.de\/wp-content\/uploads\/2016\/09\/Senioren-PC_2.png?fit=1200%2C261&ssl=1&resize=350%2C200","width":350,"height":200,"srcset":"https:\/\/i0.wp.com\/www.quartier-waldacker.de\/wp-content\/uploads\/2016\/09\/Senioren-PC_2.png?fit=1200%2C261&ssl=1&resize=350%2C200 1x, https:\/\/i0.wp.com\/www.quartier-waldacker.de\/wp-content\/uploads\/2016\/09\/Senioren-PC_2.png?fit=1200%2C261&ssl=1&resize=525%2C300 1.5x, https:\/\/i0.wp.com\/www.quartier-waldacker.de\/wp-content\/uploads\/2016\/09\/Senioren-PC_2.png?fit=1200%2C261&ssl=1&resize=700%2C400 2x, https:\/\/i0.wp.com\/www.quartier-waldacker.de\/wp-content\/uploads\/2016\/09\/Senioren-PC_2.png?fit=1200%2C261&ssl=1&resize=1050%2C600 3x"},"classes":[]},{"id":7582,"url":"https:\/\/www.quartier-waldacker.de\/?p=7582","url_meta":{"origin":16492,"position":4},"title":"Abzocke Haust\u00fcr- und Telefongesch\u00e4fte","author":"admin","date":"14. M\u00e4rz 2015","format":false,"excerpt":"Am Dienstag, dem 24. M\u00e4rz 2015, um 18:30 Uhr l\u00e4dt die Quartiersgruppe Waldacker gemeinsam mit dem Verein \u201eB\u00fcrger f\u00fcr Sicherheit in R\u00f6dermark\u201c e.V. zur Informationsveranstaltung \u201eAbzocke \u2013 Haust\u00fcr- und Telefongesch\u00e4fte\u201c in den B\u00fcrgertreff Waldacker, Goethestra\u00dfe 39 ein. Referent Horst Hyland ist polizeilich zertifizierter Sicherheitsberater und zeigt aktuelle Beispiele und Pr\u00e4ventionsma\u00dfnahmen.\u2026","rel":"","context":"In &quot;Vortr\u00e4ge&quot;","block_context":{"text":"Vortr\u00e4ge","link":"https:\/\/www.quartier-waldacker.de\/?cat=193"},"img":{"alt_text":"","src":"https:\/\/i0.wp.com\/www.quartier-waldacker.de\/wp-content\/uploads\/2015\/03\/HT1.jpg?fit=755%2C405&ssl=1&resize=350%2C200","width":350,"height":200,"srcset":"https:\/\/i0.wp.com\/www.quartier-waldacker.de\/wp-content\/uploads\/2015\/03\/HT1.jpg?fit=755%2C405&ssl=1&resize=350%2C200 1x, https:\/\/i0.wp.com\/www.quartier-waldacker.de\/wp-content\/uploads\/2015\/03\/HT1.jpg?fit=755%2C405&ssl=1&resize=525%2C300 1.5x, https:\/\/i0.wp.com\/www.quartier-waldacker.de\/wp-content\/uploads\/2015\/03\/HT1.jpg?fit=755%2C405&ssl=1&resize=700%2C400 2x"},"classes":[]},{"id":7376,"url":"https:\/\/www.quartier-waldacker.de\/?p=7376","url_meta":{"origin":16492,"position":5},"title":"Senioren, PC und Internet","author":"admin","date":"14. Januar 2015","format":false,"excerpt":"Am Mittwoch, dem 21. Januar 2015 von 15.00 Uhr bis 17.00 Uhr startet die PC Hilfestellung und Unterst\u00fctzung im Internet f\u00fcr Senioren nach der Winterpause im B\u00fcrgertreff Waldacker, Goethestr. 39 wieder. Drei engagierte Mitglieder der Quartiersgruppe Waldacker wollen interessierten Senioren\/innen den Einstieg in die Welt von PC und Internet erleichtern\u2026","rel":"","context":"In &quot;Workshop&quot;","block_context":{"text":"Workshop","link":"https:\/\/www.quartier-waldacker.de\/?cat=172"},"img":{"alt_text":"P001","src":"https:\/\/i0.wp.com\/www.quartier-waldacker.de\/wp-content\/uploads\/2015\/01\/P001-300x300.jpg?resize=350%2C200&ssl=1","width":350,"height":200},"classes":[]}],"jetpack_sharing_enabled":true,"rttpg_featured_image_url":{"full":["https:\/\/i0.wp.com\/www.quartier-waldacker.de\/wp-content\/uploads\/2017\/12\/Chrstmas2017.jpg?fit=1280%2C300&ssl=1",1280,300,false],"landscape":["https:\/\/www.quartier-waldacker.de\/wp-content\/uploads\/2017\/12\/Chrstmas2017.jpg",1280,300,false],"portraits":["https:\/\/www.quartier-waldacker.de\/wp-content\/uploads\/2017\/12\/Chrstmas2017.jpg",1280,300,false],"thumbnail":["https:\/\/i0.wp.com\/www.quartier-waldacker.de\/wp-content\/uploads\/2017\/12\/Chrstmas2017.jpg?resize=150%2C150&ssl=1",150,150,true],"medium":["https:\/\/i0.wp.com\/www.quartier-waldacker.de\/wp-content\/uploads\/2017\/12\/Chrstmas2017.jpg?fit=300%2C70&ssl=1",300,70,true],"large":["https:\/\/i0.wp.com\/www.quartier-waldacker.de\/wp-content\/uploads\/2017\/12\/Chrstmas2017.jpg?fit=1024%2C240&ssl=1",1024,240,true],"1536x1536":["https:\/\/i0.wp.com\/www.quartier-waldacker.de\/wp-content\/uploads\/2017\/12\/Chrstmas2017.jpg?fit=1280%2C300&ssl=1",1280,300,true],"2048x2048":["https:\/\/i0.wp.com\/www.quartier-waldacker.de\/wp-content\/uploads\/2017\/12\/Chrstmas2017.jpg?fit=1280%2C300&ssl=1",1280,300,true]},"rttpg_author":{"display_name":"admin","author_link":"https:\/\/www.quartier-waldacker.de\/?author=1"},"rttpg_comment":0,"rttpg_category":"<a href=\"https:\/\/www.quartier-waldacker.de\/?cat=172\" rel=\"category\">Workshop<\/a>","rttpg_excerpt":"Die Workshop Gruppe \u201eSenioren, PC und Internet\u201c der Quartiersgruppe Waldacker trifft sich zum Jahresausklang am 20. Dezember um 18 Uhr in den \u201eK\u00f6niglich, bayrischen Stuben\u201c in der Bachgasse 24, Urberach. Der \u00fcbliche Workshop um 14 Uhr 30 f\u00e4llt an diesem Tag aus.Der n\u00e4chste Workshop \u201eWindows10 f\u00fcr Anf\u00e4nger und Fortgeschrittene\u201c&nbsp;findet am 17.Januar 2018, f\u00fcr Tablet und&hellip;","_links":{"self":[{"href":"https:\/\/www.quartier-waldacker.de\/index.php?rest_route=\/wp\/v2\/posts\/16492","targetHints":{"allow":["GET"]}}],"collection":[{"href":"https:\/\/www.quartier-waldacker.de\/index.php?rest_route=\/wp\/v2\/posts"}],"about":[{"href":"https:\/\/www.quartier-waldacker.de\/index.php?rest_route=\/wp\/v2\/types\/post"}],"author":[{"embeddable":true,"href":"https:\/\/www.quartier-waldacker.de\/index.php?rest_route=\/wp\/v2\/users\/1"}],"replies":[{"embeddable":true,"href":"https:\/\/www.quartier-waldacker.de\/index.php?rest_route=%2Fwp%2Fv2%2Fcomments&post=16492"}],"version-history":[{"count":0,"href":"https:\/\/www.quartier-waldacker.de\/index.php?rest_route=\/wp\/v2\/posts\/16492\/revisions"}],"wp:featuredmedia":[{"embeddable":true,"href":"https:\/\/www.quartier-waldacker.de\/index.php?rest_route=\/wp\/v2\/media\/16497"}],"wp:attachment":[{"href":"https:\/\/www.quartier-waldacker.de\/index.php?rest_route=%2Fwp%2Fv2%2Fmedia&parent=16492"}],"wp:term":[{"taxonomy":"category","embeddable":true,"href":"https:\/\/www.quartier-waldacker.de\/index.php?rest_route=%2Fwp%2Fv2%2Fcategories&post=16492"},{"taxonomy":"post_tag","embeddable":true,"href":"https:\/\/www.quartier-waldacker.de\/index.php?rest_route=%2Fwp%2Fv2%2Ftags&post=16492"}],"curies":[{"name":"wp","href":"https:\/\/api.w.org\/{rel}","templated":true}]}}