{"id":15643,"date":"2017-10-17T14:11:17","date_gmt":"2017-10-17T13:11:17","guid":{"rendered":"https:\/\/www.quartier-waldacker.de\/?p=15643"},"modified":"2023-01-29T14:51:46","modified_gmt":"2023-01-29T13:51:46","slug":"rewe-muss-in-der-kapellenstrasse-bleiben","status":"publish","type":"post","link":"https:\/\/www.quartier-waldacker.de\/?p=15643","title":{"rendered":"REWE muss in der Kapellenstra\u00dfe bleiben!"},"content":{"rendered":"<button id=\"listenButton1\" class=\"responsivevoice-button\" type=\"button\" value=\"Play\" title=\"ResponsiveVoice Tap to Start\/Stop Speech\"><span>&#128266; Vorlesen<\/span><\/button>\n        <script>\n            listenButton1.onclick = function(){\n                if(responsiveVoice.isPlaying()){\n                    responsiveVoice.cancel();\n                }else{\n                    responsiveVoice.speak(\"Die Quartiersgruppe Waldacker ruft auf zur Unterschriftensammlung: In der Stadtverordnetenversammlung am 04.10. 2017 hat sich die Koalition gegen den Verbleib des REWE Marktes in der Kapellenstra\u00dfe ausgesprochen. Ein Neubau soll in der Mainzer Stra\u00dfe erfolgen. F\u00fcr Waldacker bedeutet dies eine weitere Verschlechterung der Einkaufsm\u00f6glichkeiten vor allem f\u00fcr die \u00e4lteren und j\u00fcngeren B\u00fcrger \u2192 ein weiterer Weg Fu\u00dfweg von Bushaltestelle bis Ende Kapellenstra\u00dfe\/B459 ca 600 MeterFu\u00dfweg von Bushaltestelle bis Alte Gaswerk\/ Mainzer Stra\u00dfe ca 1000 Meter\u2192 keine Bushaltestelle \u2192 schlechtere Verkn\u00fcpfung mit einem Friedhofsbesuch \u2192 die Kaufkraft wandert ab nach Dietzenbach Beteiligen Sie sich zahlreich an der Unterschriftensammlung! Listen liegen im B\u00fcrgertreff aus, bei Friseur Beckmann und der Post \/Weyrich\", \"Deutsch Female\");\n                }\n            };\n        <\/script>\n    \n\n\n\n<p class=\"has-medium-font-size\">Die Quartiersgruppe Waldacker ruft auf zur <strong>Unterschriftensammlung<\/strong>: In der Stadtverordnetenversammlung am 04.10. 2017 hat sich die Koalition gegen den Verbleib des REWE Marktes in der Kapellenstra\u00dfe ausgesprochen. Ein Neubau soll in der Mainzer Stra\u00dfe erfolgen. F\u00fcr Waldacker&nbsp; bedeutet dies eine weitere Verschlechterung der Einkaufsm\u00f6glichkeiten vor allem f\u00fcr die \u00e4lteren und j\u00fcngeren B\u00fcrger &nbsp;&nbsp;&nbsp;&nbsp;&nbsp;&nbsp;&nbsp; <br>\u2192 ein weiterer Weg<br>&nbsp;&nbsp;&nbsp;&nbsp;&nbsp;&nbsp; Fu\u00dfweg von Bushaltestelle bis Ende Kapellenstra\u00dfe\/B459&nbsp; ca 600 Meter<br>&nbsp;&nbsp;&nbsp;&nbsp;&nbsp;&nbsp;&nbsp;Fu\u00dfweg von Bushaltestelle bis Alte Gaswerk\/ Mainzer Stra\u00dfe ca 1000 Meter<br>\u2192&nbsp; keine Bushaltestelle &nbsp;&nbsp;&nbsp;&nbsp;&nbsp;<br>\u2192&nbsp; schlechtere Verkn\u00fcpfung mit einem Friedhofsbesuch &nbsp;&nbsp;&nbsp;&nbsp;&nbsp;&nbsp;&nbsp; <br>\u2192&nbsp; die Kaufkraft wandert ab nach Dietzenbach <strong>Beteiligen Sie sich zahlreich an der Unterschriftensammlung!<\/strong><\/p>\n\n\n\n<p class=\"has-medium-font-size\">Listen liegen im<strong> B\u00fcrgertreff<\/strong> aus, bei<strong> Friseur Beckmann<\/strong> und der <strong>Post \/Weyrich<\/strong><\/p>\n\n\n\t\t<div id=\"maps-marker-pro-252f6c1f\" class=\"maps-marker-pro mmp-list-below\" style=\"width: 640px;\">\n\t\t\t<div id=\"mmp-map-wrap-252f6c1f\" class=\"mmp-map-wrap\">\n\t\t\t\t\t\t\t\t\t<div id=\"mmp-panel-252f6c1f\" class=\"mmp-panel\"><\/div>\n\t\t\t\t\t\t\t\t<div id=\"mmp-map-252f6c1f\" class=\"mmp-map\" style=\"height: 480px;\"><\/div>\n\t\t\t\t\t\t\t<\/div>\n\t\t\t\t\t\t\t<div id=\"mmp-list-252f6c1f\" class=\"mmp-list\" style=\"flex-basis: 400px;\"><\/div>\n\t\t\t\t\t<\/div>\n\t\t\n","protected":false},"excerpt":{"rendered":"<p>Die Quartiersgruppe Waldacker ruft auf zur Unterschriftensammlung: In der Stadtverordnetenversammlung am 04.10. 2017 hat sich die Koalition gegen den Verbleib des REWE Marktes in der Kapellenstra\u00dfe ausgesprochen. Ein Neubau soll in der Mainzer Stra\u00dfe erfolgen. F\u00fcr Waldacker&nbsp; bedeutet dies eine weitere Verschlechterung der Einkaufsm\u00f6glichkeiten vor allem f\u00fcr die \u00e4lteren und j\u00fcngeren B\u00fcrger &nbsp;&nbsp;&nbsp;&nbsp;&nbsp;&nbsp;&nbsp; \u2192 ein &#8230; <a title=\"REWE muss in der Kapellenstra\u00dfe bleiben!\" class=\"read-more\" href=\"https:\/\/www.quartier-waldacker.de\/?p=15643\" aria-label=\"Mehr Informationen \u00fcber REWE muss in der Kapellenstra\u00dfe bleiben!\">Weiterlesen<\/a><\/p>\n","protected":false},"author":1,"featured_media":11137,"comment_status":"open","ping_status":"closed","sticky":false,"template":"","format":"standard","meta":{"generate_page_header":"","_jetpack_memberships_contains_paid_content":false,"footnotes":""},"categories":[184],"tags":[],"class_list":["post-15643","post","type-post","status-publish","format-standard","has-post-thumbnail","hentry","category-buergerschaftliches-engagement"],"jetpack_featured_media_url":"https:\/\/i0.wp.com\/www.quartier-waldacker.de\/wp-content\/uploads\/2016\/12\/Headere-Blickpunkt_bearbeitet-1.jpg?fit=1280%2C300&ssl=1","jetpack-related-posts":[{"id":17359,"url":"https:\/\/www.quartier-waldacker.de\/?p=17359","url_meta":{"origin":15643,"position":0},"title":"Rewe &#8211; soll nicht in die Mainzer Stra\u00dfe","author":"admin","date":"2. Februar 2018","format":false,"excerpt":"Waldacker, der Stadtteil R\u00f6dermarks, der der Politik immer wieder aus dem Blickfeld ger\u00e4t und mit seinen Anliegen teilweise ignoriert wird, darf kein Schlafort ohne eine, auch f\u00fcr \u00e4ltere und junge Bewohner zumutbar erreichbare, Nahversorgungsm\u00f6glichkeit werden. Daf\u00fcr sprachen sich \u00fcber 500 betroffene B\u00fcrger in einer von der Quartiersgruppe initiierten Unterschriftensammlung aus.\u2026","rel":"","context":"In &quot;B\u00fcrgerschaftliches Engagement&quot;","block_context":{"text":"B\u00fcrgerschaftliches Engagement","link":"https:\/\/www.quartier-waldacker.de\/?cat=184"},"img":{"alt_text":"","src":"https:\/\/i0.wp.com\/www.quartier-waldacker.de\/wp-content\/uploads\/2016\/12\/Headere-Blickpunkt_bearbeitet-1.jpg?fit=1200%2C281&ssl=1&resize=350%2C200","width":350,"height":200,"srcset":"https:\/\/i0.wp.com\/www.quartier-waldacker.de\/wp-content\/uploads\/2016\/12\/Headere-Blickpunkt_bearbeitet-1.jpg?fit=1200%2C281&ssl=1&resize=350%2C200 1x, https:\/\/i0.wp.com\/www.quartier-waldacker.de\/wp-content\/uploads\/2016\/12\/Headere-Blickpunkt_bearbeitet-1.jpg?fit=1200%2C281&ssl=1&resize=525%2C300 1.5x, https:\/\/i0.wp.com\/www.quartier-waldacker.de\/wp-content\/uploads\/2016\/12\/Headere-Blickpunkt_bearbeitet-1.jpg?fit=1200%2C281&ssl=1&resize=700%2C400 2x, https:\/\/i0.wp.com\/www.quartier-waldacker.de\/wp-content\/uploads\/2016\/12\/Headere-Blickpunkt_bearbeitet-1.jpg?fit=1200%2C281&ssl=1&resize=1050%2C600 3x"},"classes":[]},{"id":24083,"url":"https:\/\/www.quartier-waldacker.de\/?p=24083","url_meta":{"origin":15643,"position":1},"title":"Aktivit\u00e4ten der Quartiersgruppe Waldacker in einer Zeitleiste aufgelistet.","author":"Johannes","date":"25. April 2024","format":false,"excerpt":"Nov. 2011 Zukunftswerkstadt Alle Waldackerer, die das 60. Lebensjahr vollendet haben, wurden von Herrn W. Geiken -Weigh von der Stadt R\u00f6dermark in die Zukunftswerkstadt eingeladen. Januar 2012 Gr\u00fcndung der \"Quariersgruppe Waldacker\" Aus der Zukunftswerkstadt entstand Quartiers-Waldacker Februar 2012 Seniorenfahrt zum Film des Monat Einmal im Monat f\u00e4hrt Herr B\u00e4rmann mit\u2026","rel":"","context":"With 1 comment","block_context":{"text":"With 1 comment","link":"https:\/\/www.quartier-waldacker.de\/?p=24083#comments"},"img":{"alt_text":"","src":"https:\/\/i0.wp.com\/www.quartier-waldacker.de\/wp-content\/uploads\/2024\/04\/Quartier_Historie.jpg?fit=1200%2C281&ssl=1&resize=350%2C200","width":350,"height":200,"srcset":"https:\/\/i0.wp.com\/www.quartier-waldacker.de\/wp-content\/uploads\/2024\/04\/Quartier_Historie.jpg?fit=1200%2C281&ssl=1&resize=350%2C200 1x, https:\/\/i0.wp.com\/www.quartier-waldacker.de\/wp-content\/uploads\/2024\/04\/Quartier_Historie.jpg?fit=1200%2C281&ssl=1&resize=525%2C300 1.5x, https:\/\/i0.wp.com\/www.quartier-waldacker.de\/wp-content\/uploads\/2024\/04\/Quartier_Historie.jpg?fit=1200%2C281&ssl=1&resize=700%2C400 2x, https:\/\/i0.wp.com\/www.quartier-waldacker.de\/wp-content\/uploads\/2024\/04\/Quartier_Historie.jpg?fit=1200%2C281&ssl=1&resize=1050%2C600 3x"},"classes":[]},{"id":23667,"url":"https:\/\/www.quartier-waldacker.de\/?p=23667","url_meta":{"origin":15643,"position":2},"title":"Fr\u00fchjahrputz an der Pflanzparzelle \u201e Am Buchrain\/Hauptstra\u00dfe\u201c","author":"Johannes","date":"23. M\u00e4rz 2024","format":false,"excerpt":"Wenn die Forsythien bl\u00fchen, ist es Zeit f\u00fcr den R\u00fcckschnitt der Rosen und damit f\u00fcr den Beginn der g\u00e4rtnerischen Arbeiten f\u00fcr die AG-Gr\u00fcn in der Parzelle \"Am Buchrain'\/Hauptstra\u00dfe\". Zwei Mitglieder der Quartiersgruppe trafen sich am 22. M\u00e4rz um 14.00 Uhr mit Schere, Hacke und Abfalls\u00e4cken bewaffnet an der Parzelle. Bei\u2026","rel":"","context":"In &quot;AG-Gr\u00fcn&quot;","block_context":{"text":"AG-Gr\u00fcn","link":"https:\/\/www.quartier-waldacker.de\/?cat=188"},"img":{"alt_text":"","src":"https:\/\/i0.wp.com\/www.quartier-waldacker.de\/wp-content\/uploads\/2019\/08\/Header_Blumeninder-Stadt1380.jpg?fit=1200%2C261&ssl=1&resize=350%2C200","width":350,"height":200,"srcset":"https:\/\/i0.wp.com\/www.quartier-waldacker.de\/wp-content\/uploads\/2019\/08\/Header_Blumeninder-Stadt1380.jpg?fit=1200%2C261&ssl=1&resize=350%2C200 1x, https:\/\/i0.wp.com\/www.quartier-waldacker.de\/wp-content\/uploads\/2019\/08\/Header_Blumeninder-Stadt1380.jpg?fit=1200%2C261&ssl=1&resize=525%2C300 1.5x, https:\/\/i0.wp.com\/www.quartier-waldacker.de\/wp-content\/uploads\/2019\/08\/Header_Blumeninder-Stadt1380.jpg?fit=1200%2C261&ssl=1&resize=700%2C400 2x, https:\/\/i0.wp.com\/www.quartier-waldacker.de\/wp-content\/uploads\/2019\/08\/Header_Blumeninder-Stadt1380.jpg?fit=1200%2C261&ssl=1&resize=1050%2C600 3x"},"classes":[]},{"id":5586,"url":"https:\/\/www.quartier-waldacker.de\/?p=5586","url_meta":{"origin":15643,"position":3},"title":"Krieh die Kr\u00e4nk Offenbach &#8211; Seniorenfahrt zu den Krankenh\u00e4user","author":"admin","date":"15. Mai 2014","format":false,"excerpt":"Informationsfahrt zu den Krankenh\u00e4usern nach Offenbach - Ein Bericht von Theodor Frie\u00df Mitte April fuhr die Seniorengruppe der ev. Kirchengemeinde Waldacker, organisiert von Theo Frie\u00df, zust\u00e4ndig in der Quartiersgruppe f\u00fcr den \u00f6ffentlichen Nahverkehr mit Unterst\u00fctzung von Frau Heide Bellwinkel-Hahn von Seniorenbeirat und aktives Mitglied der Quartiersgruppe, eine Fahrt mit \u00f6ffentlichen\u2026","rel":"","context":"In &quot;Seniorenfahrten&quot;","block_context":{"text":"Seniorenfahrten","link":"https:\/\/www.quartier-waldacker.de\/?cat=190"},"img":{"alt_text":"","src":"https:\/\/i0.wp.com\/www.quartier-waldacker.de\/wp-content\/uploads\/2014\/05\/IMG_8508.jpg?fit=1200%2C900&ssl=1&resize=350%2C200","width":350,"height":200,"srcset":"https:\/\/i0.wp.com\/www.quartier-waldacker.de\/wp-content\/uploads\/2014\/05\/IMG_8508.jpg?fit=1200%2C900&ssl=1&resize=350%2C200 1x, https:\/\/i0.wp.com\/www.quartier-waldacker.de\/wp-content\/uploads\/2014\/05\/IMG_8508.jpg?fit=1200%2C900&ssl=1&resize=525%2C300 1.5x, https:\/\/i0.wp.com\/www.quartier-waldacker.de\/wp-content\/uploads\/2014\/05\/IMG_8508.jpg?fit=1200%2C900&ssl=1&resize=700%2C400 2x, https:\/\/i0.wp.com\/www.quartier-waldacker.de\/wp-content\/uploads\/2014\/05\/IMG_8508.jpg?fit=1200%2C900&ssl=1&resize=1050%2C600 3x"},"classes":[]},{"id":26642,"url":"https:\/\/www.quartier-waldacker.de\/?p=26642","url_meta":{"origin":15643,"position":4},"title":"Radtour nach Egelsbach zum Rewe Markt (ca. 47 km)","author":"Johannes","date":"30. M\u00e4rz 2025","format":false,"excerpt":"Start, Hinweg:Am 28. M\u00e4rz, einem herrlichen Freitagmorgen bei Sonnenschein und 17 Grad Celsius, machten sich 26 Radlerinnen und Radler auf den Weg zum heutigen Startpunkt um 11.30 Uhr am Bahnhof Offenthal. Die Teilnehmer aus Waldacker starteten bereits um 11 Uhr am B\u00fcrgertreff Waldacker. Nachdem alle am Treffpunkt eingetroffen waren, erl\u00e4uterte\u2026","rel":"","context":"In &quot;Radtouren&quot;","block_context":{"text":"Radtouren","link":"https:\/\/www.quartier-waldacker.de\/?cat=126"},"img":{"alt_text":"","src":"https:\/\/i0.wp.com\/www.quartier-waldacker.de\/wp-content\/uploads\/2025\/03\/Header_Gruppe_2025sr.jpg?fit=1200%2C281&ssl=1&resize=350%2C200","width":350,"height":200,"srcset":"https:\/\/i0.wp.com\/www.quartier-waldacker.de\/wp-content\/uploads\/2025\/03\/Header_Gruppe_2025sr.jpg?fit=1200%2C281&ssl=1&resize=350%2C200 1x, https:\/\/i0.wp.com\/www.quartier-waldacker.de\/wp-content\/uploads\/2025\/03\/Header_Gruppe_2025sr.jpg?fit=1200%2C281&ssl=1&resize=525%2C300 1.5x, https:\/\/i0.wp.com\/www.quartier-waldacker.de\/wp-content\/uploads\/2025\/03\/Header_Gruppe_2025sr.jpg?fit=1200%2C281&ssl=1&resize=700%2C400 2x, https:\/\/i0.wp.com\/www.quartier-waldacker.de\/wp-content\/uploads\/2025\/03\/Header_Gruppe_2025sr.jpg?fit=1200%2C281&ssl=1&resize=1050%2C600 3x"},"classes":[]},{"id":27701,"url":"https:\/\/www.quartier-waldacker.de\/?p=27701","url_meta":{"origin":15643,"position":5},"title":"Radfahrgruppe auf Schlemmertour (43 km)","author":"Johannes","date":"29. M\u00e4rz 2026","format":false,"excerpt":"Eine Fr\u00fchlingsfahrt mit Geschichte, Genuss und guter Laune Der 27. M\u00e4rz 2026 begann f\u00fcr dreizehn gut gelaunte Radlerinnen und Radler mit einem Wetter, das man h\u00f6flich als \u201eherausfordernd\u201c bezeichnen k\u00f6nnte: 9 Grad Celsius, teilweise bew\u00f6lkt, trocken \u2013 aber gef\u00fchlt eher 3 Grad. Doch K\u00e4lte ist bekanntlich relativ, vor allem, wenn\u2026","rel":"","context":"In &quot;Radtouren&quot;","block_context":{"text":"Radtouren","link":"https:\/\/www.quartier-waldacker.de\/?cat=126"},"img":{"alt_text":"","src":"https:\/\/i0.wp.com\/www.quartier-waldacker.de\/wp-content\/uploads\/2026\/03\/Header_Gruppe_2026sr.jpg?fit=1200%2C281&ssl=1&resize=350%2C200","width":350,"height":200,"srcset":"https:\/\/i0.wp.com\/www.quartier-waldacker.de\/wp-content\/uploads\/2026\/03\/Header_Gruppe_2026sr.jpg?fit=1200%2C281&ssl=1&resize=350%2C200 1x, https:\/\/i0.wp.com\/www.quartier-waldacker.de\/wp-content\/uploads\/2026\/03\/Header_Gruppe_2026sr.jpg?fit=1200%2C281&ssl=1&resize=525%2C300 1.5x, https:\/\/i0.wp.com\/www.quartier-waldacker.de\/wp-content\/uploads\/2026\/03\/Header_Gruppe_2026sr.jpg?fit=1200%2C281&ssl=1&resize=700%2C400 2x, https:\/\/i0.wp.com\/www.quartier-waldacker.de\/wp-content\/uploads\/2026\/03\/Header_Gruppe_2026sr.jpg?fit=1200%2C281&ssl=1&resize=1050%2C600 3x"},"classes":[]}],"jetpack_sharing_enabled":true,"rttpg_featured_image_url":{"full":["https:\/\/i0.wp.com\/www.quartier-waldacker.de\/wp-content\/uploads\/2016\/12\/Headere-Blickpunkt_bearbeitet-1.jpg?fit=1280%2C300&ssl=1",1280,300,false],"landscape":["https:\/\/www.quartier-waldacker.de\/wp-content\/uploads\/2016\/12\/Headere-Blickpunkt_bearbeitet-1.jpg",1280,300,false],"portraits":["https:\/\/www.quartier-waldacker.de\/wp-content\/uploads\/2016\/12\/Headere-Blickpunkt_bearbeitet-1.jpg",1280,300,false],"thumbnail":["https:\/\/i0.wp.com\/www.quartier-waldacker.de\/wp-content\/uploads\/2016\/12\/Headere-Blickpunkt_bearbeitet-1.jpg?resize=150%2C150&ssl=1",150,150,true],"medium":["https:\/\/i0.wp.com\/www.quartier-waldacker.de\/wp-content\/uploads\/2016\/12\/Headere-Blickpunkt_bearbeitet-1.jpg?fit=300%2C70&ssl=1",300,70,true],"large":["https:\/\/i0.wp.com\/www.quartier-waldacker.de\/wp-content\/uploads\/2016\/12\/Headere-Blickpunkt_bearbeitet-1.jpg?fit=1024%2C240&ssl=1",1024,240,true],"1536x1536":["https:\/\/i0.wp.com\/www.quartier-waldacker.de\/wp-content\/uploads\/2016\/12\/Headere-Blickpunkt_bearbeitet-1.jpg?fit=1280%2C300&ssl=1",1280,300,true],"2048x2048":["https:\/\/i0.wp.com\/www.quartier-waldacker.de\/wp-content\/uploads\/2016\/12\/Headere-Blickpunkt_bearbeitet-1.jpg?fit=1280%2C300&ssl=1",1280,300,true]},"rttpg_author":{"display_name":"admin","author_link":"https:\/\/www.quartier-waldacker.de\/?author=1"},"rttpg_comment":2,"rttpg_category":"<a href=\"https:\/\/www.quartier-waldacker.de\/?cat=184\" rel=\"category\">B\u00fcrgerschaftliches Engagement<\/a>","rttpg_excerpt":"Die Quartiersgruppe Waldacker ruft auf zur Unterschriftensammlung: In der Stadtverordnetenversammlung am 04.10. 2017 hat sich die Koalition gegen den Verbleib des REWE Marktes in der Kapellenstra\u00dfe ausgesprochen. Ein Neubau soll in der Mainzer Stra\u00dfe erfolgen. F\u00fcr Waldacker&nbsp; bedeutet dies eine weitere Verschlechterung der Einkaufsm\u00f6glichkeiten vor allem f\u00fcr die \u00e4lteren und j\u00fcngeren B\u00fcrger &nbsp;&nbsp;&nbsp;&nbsp;&nbsp;&nbsp;&nbsp; \u2192 ein&hellip;","_links":{"self":[{"href":"https:\/\/www.quartier-waldacker.de\/index.php?rest_route=\/wp\/v2\/posts\/15643","targetHints":{"allow":["GET"]}}],"collection":[{"href":"https:\/\/www.quartier-waldacker.de\/index.php?rest_route=\/wp\/v2\/posts"}],"about":[{"href":"https:\/\/www.quartier-waldacker.de\/index.php?rest_route=\/wp\/v2\/types\/post"}],"author":[{"embeddable":true,"href":"https:\/\/www.quartier-waldacker.de\/index.php?rest_route=\/wp\/v2\/users\/1"}],"replies":[{"embeddable":true,"href":"https:\/\/www.quartier-waldacker.de\/index.php?rest_route=%2Fwp%2Fv2%2Fcomments&post=15643"}],"version-history":[{"count":0,"href":"https:\/\/www.quartier-waldacker.de\/index.php?rest_route=\/wp\/v2\/posts\/15643\/revisions"}],"wp:featuredmedia":[{"embeddable":true,"href":"https:\/\/www.quartier-waldacker.de\/index.php?rest_route=\/wp\/v2\/media\/11137"}],"wp:attachment":[{"href":"https:\/\/www.quartier-waldacker.de\/index.php?rest_route=%2Fwp%2Fv2%2Fmedia&parent=15643"}],"wp:term":[{"taxonomy":"category","embeddable":true,"href":"https:\/\/www.quartier-waldacker.de\/index.php?rest_route=%2Fwp%2Fv2%2Fcategories&post=15643"},{"taxonomy":"post_tag","embeddable":true,"href":"https:\/\/www.quartier-waldacker.de\/index.php?rest_route=%2Fwp%2Fv2%2Ftags&post=15643"}],"curies":[{"name":"wp","href":"https:\/\/api.w.org\/{rel}","templated":true}]}}