{"id":14290,"date":"2017-07-23T17:12:48","date_gmt":"2017-07-23T16:12:48","guid":{"rendered":"https:\/\/www.quartier-waldacker.de\/?p=14290"},"modified":"2018-01-28T16:47:48","modified_gmt":"2018-01-28T15:47:48","slug":"als-fotografien-zur-kunst-wurden-die-becher-klasse","status":"publish","type":"post","link":"https:\/\/www.quartier-waldacker.de\/?p=14290","title":{"rendered":"Als Fotografien zur Kunst wurden \u2013 Die Becher Klasse"},"content":{"rendered":"<div id=\"pl-14290\"  class=\"panel-layout\" >\n<div id=\"pg-14290-0\"  class=\"panel-grid panel-has-style\" >\n<div data-iw-animation-delay=\"\" data-iw-animation-position=\"\" class=\"panel-row-style panel-row-style-for-14290-0\" >\n<div id=\"pgc-14290-0-0\"  class=\"panel-grid-cell\"  data-weight=\"1\" >\n<div id=\"panel-14290-0-0-0\" class=\"so-panel widget widget_sow-image panel-first-child\" data-index=\"0\" data-style=\"{&quot;background_display&quot;:&quot;tile&quot;,&quot;iw-visible-screen&quot;:&quot;iw-all&quot;,&quot;iw-visible-layout&quot;:&quot;iw-all&quot;}\" >\n<div data-iw-animation-delay=\"\" data-iw-animation-position=\"\" class=\"panel-widget-style panel-widget-style-for-14290-0-0-0\" >[siteorigin_widget class=&#8221;SiteOrigin_Widget_Image_Widget&#8221;]<input type=\"hidden\" value=\"{&quot;instance&quot;:{&quot;image&quot;:13543,&quot;image_fallback&quot;:&quot;&quot;,&quot;size&quot;:&quot;full&quot;,&quot;align&quot;:&quot;default&quot;,&quot;title&quot;:&quot;&quot;,&quot;title_position&quot;:&quot;hidden&quot;,&quot;alt&quot;:&quot;&quot;,&quot;url&quot;:&quot;&quot;,&quot;bound&quot;:true,&quot;_sow_form_id&quot;:&quot;5974bdb8910e5&quot;,&quot;_sow_form_timestamp&quot;:&quot;1500822990631&quot;,&quot;new_window&quot;:false,&quot;full_width&quot;:false},&quot;args&quot;:{&quot;before_widget&quot;:&quot;&lt;div id=\\&quot;panel-14290-0-0-0\\&quot; class=\\&quot;so-panel widget widget_sow-image panel-first-child\\&quot; data-index=\\&quot;0\\&quot; data-style=\\&quot;{&amp;quot;background_display&amp;quot;:&amp;quot;tile&amp;quot;,&amp;quot;iw-visible-screen&amp;quot;:&amp;quot;iw-all&amp;quot;,&amp;quot;iw-visible-layout&amp;quot;:&amp;quot;iw-all&amp;quot;}\\&quot; &gt;&lt;div data-iw-animation-delay=\\&quot;\\&quot; data-iw-animation-position=\\&quot;\\&quot; class=\\&quot;panel-widget-style panel-widget-style-for-14290-0-0-0\\&quot; &gt;&quot;,&quot;after_widget&quot;:&quot;&lt;\\\/div&gt;&lt;\\\/div&gt;&quot;,&quot;before_title&quot;:&quot;&lt;h3 class=\\&quot;widget-title\\&quot;&gt;&quot;,&quot;after_title&quot;:&quot;&lt;\\\/h3&gt;&quot;,&quot;widget_id&quot;:&quot;widget-0-0-0&quot;}}\" \/>[\/siteorigin_widget]<\/div>\n<\/div>\n<div id=\"panel-14290-0-0-1\" class=\"so-panel widget widget_sow-editor panel-last-child\" data-index=\"1\" data-style=\"{&quot;background_display&quot;:&quot;tile&quot;,&quot;iw-visible-screen&quot;:&quot;iw-all&quot;,&quot;iw-visible-layout&quot;:&quot;iw-all&quot;}\" >\n<div data-iw-animation-delay=\"\" data-iw-animation-position=\"\" class=\"panel-widget-style panel-widget-style-for-14290-0-0-1\" >\n<div class=\"so-widget-sow-editor so-widget-sow-editor-base\">\n<div class=\"siteorigin-widget-tinymce textwidget\">\n<p style=\"text-align: right;\"><button id=\"listenButton1\" class=\"responsivevoice-button\" type=\"button\" value=\"Play\" title=\"ResponsiveVoice Tap to Start\/Stop Speech\"><span>&#128266; Vorlesen<\/span><\/button>\n        <script>\n            listenButton1.onclick = function(){\n                if(responsiveVoice.isPlaying()){\n                    responsiveVoice.cancel();\n                }else{\n                    responsiveVoice.speak(\"[siteorigin_widget class=\\\"SiteOrigin_Widget_Image_Widget\\\"][\/siteorigin_widget] Was heute mit Photoshop und Instagram normal erscheint, war bis in die 70er-Jahre technisch und inhaltlich unm\u00f6glich: Fotografien galten als ein Abbild der Realit\u00e4t - eine eigene Kunstform waren sie jedoch nicht. Dann kamen Bernd und Hilla Becher. Das Ehepaar Becher lehrte ab 1976 f\u00fcr 20 Jahre an der D\u00fcsseldorfer Kunstakademie und machte Fotografie zu einer eigenen Kunstform. Wie sie das machten, wird dokumentiert mit \u00fcber 200 Fotografien. Was hier zu sehen ist, ist die Weiterf\u00fchrung der Malerei mit fotografischen Mitteln. Werke von folgenden Studentinnen und Studenten der fr\u00fchen Jahre der Becher-Klasse werden vorgestellt: Candida H\u00f6fer, sie ist vor allem bekannt durch Aufnahmen von \u00f6ffentlichen Innenr\u00e4umen wie Bibliotheken, Universit\u00e4ten, Museen oder Wartes\u00e4len bekannt. Thomas Struth, in seinem Werk besch\u00e4ftigt er sich mit kulturellen Strukturen, bildet neben Stra\u00dfen auch Museen oder religi\u00f6se Kultst\u00e4tten ab und portr\u00e4tiert Familien. Petra Wunderlich, bilden Kirchen oder Steinbr\u00fcche ausschnitthaft ab. Volker D\u00f6hnes, steht konzeptuell wie motivisch den Typologien Bernd und Hilla Bechers sehr nahe: Er entwickelte Serien wie Kleineisenindustrie (1977\/78) oder kleine Eisenbahnbr\u00fccken und Unterf\u00fchrungen im Bergischen und M\u00e4rkischen Land. Tata Ronkholz, das fotografisches Hauptinteresse galt Fabriktoren, Schaufenstern oder Trinkhallen und Imbissen, die sie stets bildmittig und bei gleichm\u00e4\u00dfigem Tageslicht aufnahm. Thomas Ruff, ist bekannt f\u00fcr gro\u00dfformatige Fotoserien von Innenansichten deutscher Wohnr\u00e4ume, sowie von Sexualakten und abstrakten, digitalen Kompositionen. Stark inspiriert von seinen Lehrern Bernd und Hilla Becher. Axel H\u00fcttes, widmet sich zersiedelten Landschaften ebenso wie vermeintlich unber\u00fchrter Natur, die jedoch immer durch menschliche Eingriffe geformt worden sind. J\u00f6rg Sasse, wurde bekannt mit Fotografien von arrangierten Objekten und Interieur-Ausschnitten, die die Aufmerksamkeit auf formale Qualit\u00e4ten allt\u00e4glicher Dinge und Umgebungen lenken. Gefundene wie eigene Bildvorlagen werden aufwendig digital wie analog von ihm bearbeitet und lassen die Grenzen von Malerei und Fotografie bis zur Unkenntlichkeit verschwimmen. Andreas Gurskys, \u00e4hnlich wie Sasse setzt er sich mit der \u00e4sthetischen Grenze von fotografischer und malerischer Bildgebung auseinander. Jutta Kraft unsere Kunsthistorikerin f\u00fchrte uns durch die Ausstellung und machte uns die Entwicklung der Fotografie als Kunst verst\u00e4ndlich Wir k\u00f6nnen Ausstellung \u201eFotografien werden Bilder \u2013 Die Becher Klasse\u201c empfehlen, sie ist noch bis zum 13. August 2017 zu bestaunen. Quelle: St\u00e4del Museum \u00a0\", \"Deutsch Female\");\n                }\n            };\n        <\/script>\n    \n<figure id=\"attachment_14294\" aria-describedby=\"caption-attachment-14294\" style=\"width: 225px\" class=\"wp-caption alignleft\"><a href=\"https:\/\/i0.wp.com\/www.quartier-waldacker.de\/wp-content\/uploads\/2017\/07\/st_presse_becher_ruff_portraet_1985_1.png?ssl=1\"><img data-recalc-dims=\"1\" loading=\"lazy\" decoding=\"async\" data-attachment-id=\"14294\" data-permalink=\"https:\/\/www.quartier-waldacker.de\/?attachment_id=14294#main\" data-orig-file=\"https:\/\/i0.wp.com\/www.quartier-waldacker.de\/wp-content\/uploads\/2017\/07\/st_presse_becher_ruff_portraet_1985_1.png?fit=611%2C780&amp;ssl=1\" data-orig-size=\"611,780\" data-comments-opened=\"1\" data-image-meta=\"{&quot;aperture&quot;:&quot;0&quot;,&quot;credit&quot;:&quot;&quot;,&quot;camera&quot;:&quot;&quot;,&quot;caption&quot;:&quot;&quot;,&quot;created_timestamp&quot;:&quot;0&quot;,&quot;copyright&quot;:&quot;&quot;,&quot;focal_length&quot;:&quot;0&quot;,&quot;iso&quot;:&quot;0&quot;,&quot;shutter_speed&quot;:&quot;0&quot;,&quot;title&quot;:&quot;&quot;,&quot;orientation&quot;:&quot;0&quot;}\" data-image-title=\"st_presse_becher_ruff_portraet_1985_1\" data-image-description=\"\" data-image-caption=\"\" data-large-file=\"https:\/\/i0.wp.com\/www.quartier-waldacker.de\/wp-content\/uploads\/2017\/07\/st_presse_becher_ruff_portraet_1985_1.png?fit=611%2C780&amp;ssl=1\" class=\"wp-image-14294 size-medium\" src=\"https:\/\/i0.wp.com\/www.quartier-waldacker.de\/wp-content\/uploads\/2017\/07\/st_presse_becher_ruff_portraet_1985_1.png?resize=235%2C300&#038;ssl=1\" alt=\"\" width=\"235\" height=\"300\" srcset=\"https:\/\/i0.wp.com\/www.quartier-waldacker.de\/wp-content\/uploads\/2017\/07\/st_presse_becher_ruff_portraet_1985_1.png?resize=235%2C300&amp;ssl=1 235w, https:\/\/i0.wp.com\/www.quartier-waldacker.de\/wp-content\/uploads\/2017\/07\/st_presse_becher_ruff_portraet_1985_1.png?w=611&amp;ssl=1 611w\" sizes=\"auto, (max-width: 235px) 100vw, 235px\" \/><\/a><figcaption id=\"caption-attachment-14294\" class=\"wp-caption-text\">Thomas Ruff (*1958) Portr\u00e4t (G. Benzenberg), 1985 Chromogener Farbabzug, 41 x 33 cm Leihgabe des K\u00fcnstlers \u00a9 Thomas Ruff; VG Bild-Kunst, Bonn 2017<\/figcaption><\/figure>\n<span style=\"font-family: arial,helvetica,sans-serif; font-size: 14pt;\">Was heute mit Photoshop und Instagram normal erscheint, war bis in die 70er-Jahre technisch und inhaltlich unm\u00f6glich: Fotografien galten als ein Abbild der Realit\u00e4t &#8211; eine eigene Kunstform waren sie jedoch nicht. Dann kamen Bernd und Hilla Becher.<\/span><\/p>\n<p><span style=\"font-family: arial,helvetica,sans-serif; font-size: 14pt;\">Das Ehepaar Becher lehrte ab 1976 f\u00fcr 20 Jahre an der D\u00fcsseldorfer Kunstakademie und machte Fotografie zu einer eigenen Kunstform. Wie sie das machten, wird dokumentiert mit \u00fcber 200 Fotografien. Was hier zu sehen ist, ist die Weiterf\u00fchrung der Malerei mit fotografischen Mitteln.<\/span><\/p>\n<p><span style=\"font-family: arial,helvetica,sans-serif; font-size: 14pt;\"><strong>Werke von folgenden Studentinnen und Studenten der fr\u00fchen Jahre der Becher-Klasse werden vorgestellt: <\/strong><\/span><\/p>\n<p><span style=\"font-family: arial,helvetica,sans-serif; font-size: 14pt;\"><strong>Candida H\u00f6fer<\/strong>, sie ist vor allem bekannt durch Aufnahmen von \u00f6ffentlichen Innenr\u00e4umen wie Bibliotheken, Universit\u00e4ten, Museen oder Wartes\u00e4len bekannt.<\/span><\/p>\n<p><span style=\"font-family: arial,helvetica,sans-serif; font-size: 14pt;\"><strong>Thomas Struth, <\/strong>in seinem Werk besch\u00e4ftigt er sich mit kulturellen Strukturen, bildet neben Stra\u00dfen auch Museen oder religi\u00f6se Kultst\u00e4tten ab und portr\u00e4tiert Familien.<\/span><\/p>\n<p><span style=\"font-family: arial,helvetica,sans-serif; font-size: 14pt;\"><strong>Petra Wunderlich,<\/strong> bilden Kirchen oder Steinbr\u00fcche ausschnitthaft ab.<\/span><\/p>\n<p><span style=\"font-family: arial,helvetica,sans-serif; font-size: 14pt;\"><strong>Volker D\u00f6hnes, <\/strong>steht konzeptuell wie motivisch den Typologien Bernd und Hilla Bechers sehr nahe: Er entwickelte Serien wie Kleineisenindustrie (1977\/78) oder kleine Eisenbahnbr\u00fccken und Unterf\u00fchrungen im Bergischen und M\u00e4rkischen Land.<\/span><\/p>\n<p><span style=\"font-family: arial,helvetica,sans-serif; font-size: 14pt;\"><strong>Tata Ronkholz, <\/strong>das fotografisches Hauptinteresse galt Fabriktoren, Schaufenstern oder Trinkhallen und Imbissen, die sie stets bildmittig und bei gleichm\u00e4\u00dfigem Tageslicht aufnahm.<\/span><\/p>\n<p><span style=\"font-family: arial,helvetica,sans-serif; font-size: 14pt;\"><strong>Thomas Ruff, <\/strong>ist bekannt f\u00fcr gro\u00dfformatige Fotoserien von Innenansichten deutscher Wohnr\u00e4ume, sowie von Sexualakten und abstrakten, digitalen Kompositionen. Stark inspiriert von seinen Lehrern Bernd und Hilla Becher.<\/span><\/p>\n<p><span style=\"font-family: arial,helvetica,sans-serif; font-size: 14pt;\"><strong>Axel H\u00fcttes, <\/strong>widmet sich zersiedelten Landschaften ebenso wie vermeintlich unber\u00fchrter Natur, die jedoch immer durch menschliche Eingriffe geformt worden sind.<\/span><\/p>\n<p><span style=\"font-family: arial,helvetica,sans-serif; font-size: 14pt;\"><strong>J\u00f6rg Sasse, <\/strong>wurde bekannt mit Fotografien von arrangierten Objekten und Interieur-Ausschnitten, die die Aufmerksamkeit auf formale Qualit\u00e4ten allt\u00e4glicher Dinge und Umgebungen lenken. Gefundene wie eigene Bildvorlagen werden aufwendig digital wie analog von ihm bearbeitet und lassen die Grenzen von Malerei und Fotografie bis zur Unkenntlichkeit verschwimmen.<\/span><\/p>\n<p><span style=\"font-family: arial,helvetica,sans-serif; font-size: 14pt;\"><strong>Andreas Gurskys, <\/strong>\u00e4hnlich wie Sasse setzt er sich mit der \u00e4sthetischen Grenze von fotografischer und malerischer Bildgebung auseinander.<\/span><\/p>\n<p><span style=\"font-family: arial,helvetica,sans-serif; font-size: 14pt;\"><strong>Jutta Kraft<\/strong> unsere Kunsthistorikerin f\u00fchrte uns durch die Ausstellung und machte uns die Entwicklung der Fotografie als Kunst verst\u00e4ndlich<\/span><\/p>\n<p><span style=\"font-family: arial,helvetica,sans-serif; font-size: 14pt;\">Wir k\u00f6nnen Ausstellung \u201eFotografien werden Bilder \u2013 Die Becher Klasse\u201c empfehlen, sie ist noch bis zum 13. August 2017 zu bestaunen.<\/span><\/p>\n<p><span style=\"font-size: 14pt; font-family: arial,helvetica,sans-serif;\">Quelle: St\u00e4del Museum<br \/> <\/span><\/p>\n<p>\u00a0<\/p>\n<p><iframe loading=\"lazy\" src=\"https:\/\/www.youtube.com\/embed\/lqfkto3QGHc\" width=\"854\" height=\"480\" frameborder=\"0\" allowfullscreen=\"allowfullscreen\"><\/iframe><\/p>\n<\/div>\n<\/div>\n<\/div>\n<\/div>\n<\/div>\n<\/div>\n<\/div>\n<\/div>\n","protected":false},"excerpt":{"rendered":"<p>[siteorigin_widget class=&#8221;SiteOrigin_Widget_Image_Widget&#8221;][\/siteorigin_widget] Was heute mit Photoshop und Instagram normal erscheint, war bis in die 70er-Jahre technisch und inhaltlich unm\u00f6glich: Fotografien galten als ein Abbild der Realit\u00e4t &#8211; eine eigene Kunstform waren sie jedoch nicht. Dann kamen Bernd und Hilla Becher. Das Ehepaar Becher lehrte ab 1976 f\u00fcr 20 Jahre an der D\u00fcsseldorfer Kunstakademie und machte &#8230; <a title=\"Als Fotografien zur Kunst wurden \u2013 Die Becher Klasse\" class=\"read-more\" href=\"https:\/\/www.quartier-waldacker.de\/?p=14290\" aria-label=\"Mehr Informationen \u00fcber Als Fotografien zur Kunst wurden \u2013 Die Becher Klasse\">Weiterlesen<\/a><\/p>\n","protected":false},"author":5,"featured_media":13543,"comment_status":"open","ping_status":"open","sticky":false,"template":"","format":"standard","meta":{"generate_page_header":"","_jetpack_memberships_contains_paid_content":false,"footnotes":""},"categories":[161],"tags":[205,211],"class_list":["post-14290","post","type-post","status-publish","format-standard","has-post-thumbnail","hentry","category-kultur","tag-ausstellungen","tag-kunst"],"jetpack_featured_media_url":"https:\/\/i0.wp.com\/www.quartier-waldacker.de\/wp-content\/uploads\/2017\/06\/Museum9.jpg?fit=1380%2C290&ssl=1","jetpack-related-posts":[{"id":16250,"url":"https:\/\/www.quartier-waldacker.de\/?p=16250","url_meta":{"origin":14290,"position":0},"title":"Die Radfahrgruppe beendet erfolgreich die Saison 2017","author":"Johannes","date":"1. Dezember 2017","format":false,"excerpt":"[siteorigin_widget class=\"SiteOrigin_Widget_Image_Widget\"][\/siteorigin_widget] Zum Abschluss der diesj\u00e4hrigen Saison traten 7 unentwegte Teilnehmer bei durchwachsem Wetter den wumboR-Radweg an. Dabei wurden alle R\u00f6derm\u00e4rker Stadtteilen umfahren, Distanz 20,5 Km. Anschlie\u00dfend trafen sich die 7 unentwegten mit weiteren engagierten Radfahrfreunden\/innen im B\u00fcrgerhaus Dudenhofen zu einem gem\u00fctlichen Jahresausklang bei gutem Essen und Getr\u00e4nken. Gleich zu\u2026","rel":"","context":"In &quot;AG-Radfahren&quot;","block_context":{"text":"AG-Radfahren","link":"https:\/\/www.quartier-waldacker.de\/?cat=202"},"img":{"alt_text":"","src":"https:\/\/i0.wp.com\/www.quartier-waldacker.de\/wp-content\/uploads\/2017\/12\/Header_seligenstadt_bearbeitet-1.jpg?fit=1200%2C261&ssl=1&resize=350%2C200","width":350,"height":200,"srcset":"https:\/\/i0.wp.com\/www.quartier-waldacker.de\/wp-content\/uploads\/2017\/12\/Header_seligenstadt_bearbeitet-1.jpg?fit=1200%2C261&ssl=1&resize=350%2C200 1x, https:\/\/i0.wp.com\/www.quartier-waldacker.de\/wp-content\/uploads\/2017\/12\/Header_seligenstadt_bearbeitet-1.jpg?fit=1200%2C261&ssl=1&resize=525%2C300 1.5x, https:\/\/i0.wp.com\/www.quartier-waldacker.de\/wp-content\/uploads\/2017\/12\/Header_seligenstadt_bearbeitet-1.jpg?fit=1200%2C261&ssl=1&resize=700%2C400 2x, https:\/\/i0.wp.com\/www.quartier-waldacker.de\/wp-content\/uploads\/2017\/12\/Header_seligenstadt_bearbeitet-1.jpg?fit=1200%2C261&ssl=1&resize=1050%2C600 3x"},"classes":[]},{"id":12991,"url":"https:\/\/www.quartier-waldacker.de\/?p=12991","url_meta":{"origin":14290,"position":1},"title":"Radtour &#8211; Offenbach am Main in Richtung H\u00f6chst (Altstadt und Schloss) und Nidda M\u00fcndung (47 km)","author":"admin","date":"27. April 2017","format":false,"excerpt":"[siteorigin_widget class=\"SiteOrigin_Widget_Image_Widget\"][\/siteorigin_widget] Dokumentiert von Reinhold Harnoth Start am Treffpunkt B\u00fcrgertreff in Waldacker. Von hier \u00fcber den Lindenweg, An der H\u00fchnerhecke, Im Rehwinkel hinter der Bebauungsgrenze vorbei zur B459. Dieser entlang \u00fcber die Kreuzung bis zur alten Str. nach Dietzenbach. Von hier auf der Ober-Rodener-Stra\u00dfe bis zum S-Bahnhof Dietzenbach. Fahrt mit\u2026","rel":"","context":"In &quot;Radtouren&quot;","block_context":{"text":"Radtouren","link":"https:\/\/www.quartier-waldacker.de\/?cat=126"},"img":{"alt_text":"","src":"https:\/\/i0.wp.com\/www.quartier-waldacker.de\/wp-content\/uploads\/2017\/04\/Header__Tour8.jpg?fit=1200%2C261&ssl=1&resize=350%2C200","width":350,"height":200,"srcset":"https:\/\/i0.wp.com\/www.quartier-waldacker.de\/wp-content\/uploads\/2017\/04\/Header__Tour8.jpg?fit=1200%2C261&ssl=1&resize=350%2C200 1x, https:\/\/i0.wp.com\/www.quartier-waldacker.de\/wp-content\/uploads\/2017\/04\/Header__Tour8.jpg?fit=1200%2C261&ssl=1&resize=525%2C300 1.5x, https:\/\/i0.wp.com\/www.quartier-waldacker.de\/wp-content\/uploads\/2017\/04\/Header__Tour8.jpg?fit=1200%2C261&ssl=1&resize=700%2C400 2x, https:\/\/i0.wp.com\/www.quartier-waldacker.de\/wp-content\/uploads\/2017\/04\/Header__Tour8.jpg?fit=1200%2C261&ssl=1&resize=1050%2C600 3x"},"classes":[]},{"id":15740,"url":"https:\/\/www.quartier-waldacker.de\/?p=15740","url_meta":{"origin":14290,"position":2},"title":"Radtour &#8211; Wetterstation, -park in Offenbach (33 km)","author":"Johannes","date":"30. Oktober 2017","format":false,"excerpt":"[siteorigin_widget class=\"SiteOrigin_Widget_Image_Widget\"][\/siteorigin_widget] Bericht und Bilder von Reinhold Harnoth Treffpunkt war um 13.00 Uhr am B\u00fcrgertreff in Waldacker. Unser Ziel an diesem Tage war der Wetterpark in Offenbach. \u00dcber die Verl\u00e4ngerung des Eulerwegs f\u00fchrte uns die Strecke zur Kreisquerverbindung. Nach deren \u00dcberquerung radelten wir zun\u00e4chst weiter auf den Eulerweg dann Unterste\u2026","rel":"","context":"In &quot;Radtouren&quot;","block_context":{"text":"Radtouren","link":"https:\/\/www.quartier-waldacker.de\/?cat=126"},"img":{"alt_text":"","src":"https:\/\/i0.wp.com\/www.quartier-waldacker.de\/wp-content\/uploads\/2017\/10\/WetterparkHead.png?fit=1200%2C281&ssl=1&resize=350%2C200","width":350,"height":200,"srcset":"https:\/\/i0.wp.com\/www.quartier-waldacker.de\/wp-content\/uploads\/2017\/10\/WetterparkHead.png?fit=1200%2C281&ssl=1&resize=350%2C200 1x, https:\/\/i0.wp.com\/www.quartier-waldacker.de\/wp-content\/uploads\/2017\/10\/WetterparkHead.png?fit=1200%2C281&ssl=1&resize=525%2C300 1.5x, https:\/\/i0.wp.com\/www.quartier-waldacker.de\/wp-content\/uploads\/2017\/10\/WetterparkHead.png?fit=1200%2C281&ssl=1&resize=700%2C400 2x, https:\/\/i0.wp.com\/www.quartier-waldacker.de\/wp-content\/uploads\/2017\/10\/WetterparkHead.png?fit=1200%2C281&ssl=1&resize=1050%2C600 3x"},"classes":[]},{"id":12744,"url":"https:\/\/www.quartier-waldacker.de\/?p=12744","url_meta":{"origin":14290,"position":3},"title":"Radtour &#8211; Dreieichenhain zur Burgruine (26 Km)","author":"admin","date":"29. M\u00e4rz 2017","format":false,"excerpt":"[siteorigin_widget class=\"SiteOrigin_Widget_Image_Widget\"][\/siteorigin_widget] Bericht von Reinhold Harnoth Eine Radtour \u00fcber Dietzenbach, durch die liebevoll restaurierten Altstadtgassen, am\u00a0Aussichtsturm vorbei \u00fcber Gut Neuhof\/Golfplatz nach Dreieichenhain.\u00a0\u201eAuf der Hub\u201c in G\u00f6tzenhain bietet sich ein toller Ausblick auf die Skyline von Frankfurt. In Dreieichenhain angekommen, besteht die M\u00f6glichkeit die Besichtigung der\u00a0Burg Hayn und der Besuch der\u00a0historischen\u2026","rel":"","context":"In &quot;Radtouren&quot;","block_context":{"text":"Radtouren","link":"https:\/\/www.quartier-waldacker.de\/?cat=126"},"img":{"alt_text":"","src":"https:\/\/i0.wp.com\/www.quartier-waldacker.de\/wp-content\/uploads\/2017\/04\/RadHead_2_780.jpg?fit=1200%2C281&ssl=1&resize=350%2C200","width":350,"height":200,"srcset":"https:\/\/i0.wp.com\/www.quartier-waldacker.de\/wp-content\/uploads\/2017\/04\/RadHead_2_780.jpg?fit=1200%2C281&ssl=1&resize=350%2C200 1x, https:\/\/i0.wp.com\/www.quartier-waldacker.de\/wp-content\/uploads\/2017\/04\/RadHead_2_780.jpg?fit=1200%2C281&ssl=1&resize=525%2C300 1.5x, https:\/\/i0.wp.com\/www.quartier-waldacker.de\/wp-content\/uploads\/2017\/04\/RadHead_2_780.jpg?fit=1200%2C281&ssl=1&resize=700%2C400 2x, https:\/\/i0.wp.com\/www.quartier-waldacker.de\/wp-content\/uploads\/2017\/04\/RadHead_2_780.jpg?fit=1200%2C281&ssl=1&resize=1050%2C600 3x"},"classes":[]},{"id":15997,"url":"https:\/\/www.quartier-waldacker.de\/?p=15997","url_meta":{"origin":14290,"position":4},"title":"Radtour &#8211;  Zum Tannenhof bei Gro\u00df-Umstadt (42 Km)","author":"Johannes","date":"19. November 2017","format":false,"excerpt":"[siteorigin_widget class=\"SiteOrigin_Widget_Image_Widget\"][\/siteorigin_widget] Die heutige Tour begann wie immer um 13 Uhr in Waldacker am B\u00fcrgertreff, in Breidert am Umspannwerk trafen wir unsere Freunde aus Ober-Roden. Von hier aus ging es \u00fcber Eppershausen in Richtung Hergershausen, vorbei an der Langfeldsm\u00fchle, danach \u00fcberqueren wir die Bahnstrecke Dieburg-Babenhausen und die Bundestra\u00dfe 26. Am\u2026","rel":"","context":"In &quot;Radtouren&quot;","block_context":{"text":"Radtouren","link":"https:\/\/www.quartier-waldacker.de\/?cat=126"},"img":{"alt_text":"","src":"https:\/\/i0.wp.com\/www.quartier-waldacker.de\/wp-content\/uploads\/2017\/11\/Tannenhof.jpg?fit=1200%2C281&ssl=1&resize=350%2C200","width":350,"height":200,"srcset":"https:\/\/i0.wp.com\/www.quartier-waldacker.de\/wp-content\/uploads\/2017\/11\/Tannenhof.jpg?fit=1200%2C281&ssl=1&resize=350%2C200 1x, https:\/\/i0.wp.com\/www.quartier-waldacker.de\/wp-content\/uploads\/2017\/11\/Tannenhof.jpg?fit=1200%2C281&ssl=1&resize=525%2C300 1.5x, https:\/\/i0.wp.com\/www.quartier-waldacker.de\/wp-content\/uploads\/2017\/11\/Tannenhof.jpg?fit=1200%2C281&ssl=1&resize=700%2C400 2x, https:\/\/i0.wp.com\/www.quartier-waldacker.de\/wp-content\/uploads\/2017\/11\/Tannenhof.jpg?fit=1200%2C281&ssl=1&resize=1050%2C600 3x"},"classes":[]},{"id":12773,"url":"https:\/\/www.quartier-waldacker.de\/?p=12773","url_meta":{"origin":14290,"position":5},"title":"Radtour &#8211; Gro\u00df-Umstadt zum Osterbrunnen auf dem historischen Marktplatz (47 km)","author":"admin","date":"22. April 2017","format":false,"excerpt":"[siteorigin_widget class=\"SiteOrigin_Widget_Image_Widget\"][\/siteorigin_widget] Dokumentiert von Reinhold Harnoth Wir starten vom B\u00fcrgertreff Waldacker, \u00fcber den Eulerweg zum Feldkreuz bei Ober-Roden. Von hier \u00fcber die Nieder-R\u00f6der-Str., \u00fcber die S-Bahngleise, am Hundeverein R\u00f6dermark e.V. vorbei (bei unserer Tour vor Ostern, zwei St\u00f6rche im Nest gesehen) weiter in Richtung Stadtteil Breidert. Umfahrung des Stadtteils Breidert\u2026","rel":"","context":"In &quot;Radtouren&quot;","block_context":{"text":"Radtouren","link":"https:\/\/www.quartier-waldacker.de\/?cat=126"},"img":{"alt_text":"","src":"https:\/\/i0.wp.com\/www.quartier-waldacker.de\/wp-content\/uploads\/2017\/04\/Header_07.jpg?fit=1200%2C261&ssl=1&resize=350%2C200","width":350,"height":200,"srcset":"https:\/\/i0.wp.com\/www.quartier-waldacker.de\/wp-content\/uploads\/2017\/04\/Header_07.jpg?fit=1200%2C261&ssl=1&resize=350%2C200 1x, https:\/\/i0.wp.com\/www.quartier-waldacker.de\/wp-content\/uploads\/2017\/04\/Header_07.jpg?fit=1200%2C261&ssl=1&resize=525%2C300 1.5x, https:\/\/i0.wp.com\/www.quartier-waldacker.de\/wp-content\/uploads\/2017\/04\/Header_07.jpg?fit=1200%2C261&ssl=1&resize=700%2C400 2x, https:\/\/i0.wp.com\/www.quartier-waldacker.de\/wp-content\/uploads\/2017\/04\/Header_07.jpg?fit=1200%2C261&ssl=1&resize=1050%2C600 3x"},"classes":[]}],"jetpack_sharing_enabled":true,"rttpg_featured_image_url":{"full":["https:\/\/i0.wp.com\/www.quartier-waldacker.de\/wp-content\/uploads\/2017\/06\/Museum9.jpg?fit=1380%2C290&ssl=1",1380,290,false],"landscape":["https:\/\/www.quartier-waldacker.de\/wp-content\/uploads\/2017\/06\/Museum9.jpg",1380,290,false],"portraits":["https:\/\/www.quartier-waldacker.de\/wp-content\/uploads\/2017\/06\/Museum9.jpg",1380,290,false],"thumbnail":["https:\/\/i0.wp.com\/www.quartier-waldacker.de\/wp-content\/uploads\/2017\/06\/Museum9.jpg?resize=150%2C150&ssl=1",150,150,true],"medium":["https:\/\/i0.wp.com\/www.quartier-waldacker.de\/wp-content\/uploads\/2017\/06\/Museum9.jpg?fit=300%2C63&ssl=1",300,63,true],"large":["https:\/\/i0.wp.com\/www.quartier-waldacker.de\/wp-content\/uploads\/2017\/06\/Museum9.jpg?fit=1024%2C215&ssl=1",1024,215,true],"1536x1536":["https:\/\/i0.wp.com\/www.quartier-waldacker.de\/wp-content\/uploads\/2017\/06\/Museum9.jpg?fit=1380%2C290&ssl=1",1380,290,true],"2048x2048":["https:\/\/i0.wp.com\/www.quartier-waldacker.de\/wp-content\/uploads\/2017\/06\/Museum9.jpg?fit=1380%2C290&ssl=1",1380,290,true]},"rttpg_author":{"display_name":"Johannes","author_link":"https:\/\/www.quartier-waldacker.de\/?author=5"},"rttpg_comment":0,"rttpg_category":"<a href=\"https:\/\/www.quartier-waldacker.de\/?cat=161\" rel=\"category\">Kultur\/Kunst<\/a>","rttpg_excerpt":"[siteorigin_widget class=&#8221;SiteOrigin_Widget_Image_Widget&#8221;][\/siteorigin_widget] Was heute mit Photoshop und Instagram normal erscheint, war bis in die 70er-Jahre technisch und inhaltlich unm\u00f6glich: Fotografien galten als ein Abbild der Realit\u00e4t &#8211; eine eigene Kunstform waren sie jedoch nicht. Dann kamen Bernd und Hilla Becher. Das Ehepaar Becher lehrte ab 1976 f\u00fcr 20 Jahre an der D\u00fcsseldorfer Kunstakademie und machte&hellip;","_links":{"self":[{"href":"https:\/\/www.quartier-waldacker.de\/index.php?rest_route=\/wp\/v2\/posts\/14290","targetHints":{"allow":["GET"]}}],"collection":[{"href":"https:\/\/www.quartier-waldacker.de\/index.php?rest_route=\/wp\/v2\/posts"}],"about":[{"href":"https:\/\/www.quartier-waldacker.de\/index.php?rest_route=\/wp\/v2\/types\/post"}],"author":[{"embeddable":true,"href":"https:\/\/www.quartier-waldacker.de\/index.php?rest_route=\/wp\/v2\/users\/5"}],"replies":[{"embeddable":true,"href":"https:\/\/www.quartier-waldacker.de\/index.php?rest_route=%2Fwp%2Fv2%2Fcomments&post=14290"}],"version-history":[{"count":0,"href":"https:\/\/www.quartier-waldacker.de\/index.php?rest_route=\/wp\/v2\/posts\/14290\/revisions"}],"wp:featuredmedia":[{"embeddable":true,"href":"https:\/\/www.quartier-waldacker.de\/index.php?rest_route=\/wp\/v2\/media\/13543"}],"wp:attachment":[{"href":"https:\/\/www.quartier-waldacker.de\/index.php?rest_route=%2Fwp%2Fv2%2Fmedia&parent=14290"}],"wp:term":[{"taxonomy":"category","embeddable":true,"href":"https:\/\/www.quartier-waldacker.de\/index.php?rest_route=%2Fwp%2Fv2%2Fcategories&post=14290"},{"taxonomy":"post_tag","embeddable":true,"href":"https:\/\/www.quartier-waldacker.de\/index.php?rest_route=%2Fwp%2Fv2%2Ftags&post=14290"}],"curies":[{"name":"wp","href":"https:\/\/api.w.org\/{rel}","templated":true}]}}