{"id":13608,"date":"2017-06-18T15:05:31","date_gmt":"2017-06-18T14:05:31","guid":{"rendered":"https:\/\/www.quartier-waldacker.de\/?p=13608"},"modified":"2023-02-01T17:34:49","modified_gmt":"2023-02-01T16:34:49","slug":"primary-structures-meisterwerke-der-minimal-art","status":"publish","type":"post","link":"https:\/\/www.quartier-waldacker.de\/?p=13608","title":{"rendered":"Primary structures Meisterwerke der Minimal Art"},"content":{"rendered":"<button id=\"listenButton1\" class=\"responsivevoice-button\" type=\"button\" value=\"Play\" title=\"ResponsiveVoice Tap to Start\/Stop Speech\"><span>&#128266; Vorlesen<\/span><\/button>\n        <script>\n            listenButton1.onclick = function(){\n                if(responsiveVoice.isPlaying()){\n                    responsiveVoice.cancel();\n                }else{\n                    responsiveVoice.speak(\"zeigt bis zum 13. August das MMK2 Museum f\u00fcr Moderne Kunst herausragende Werke der Minimal Art der 1960er und 70er Jahre. In einer gro\u00dfen \u00dcberblicksschau mit fast 50 K\u00fcnstlerinnen und K\u00fcnstlern werden zahlreiche Meisterwerke aus dem Sammlungsbestand pr\u00e4sentiert. Minimal Art entstand in den fr\u00fchen 1960er Jahren in den USA als Gegenbewegung zur gestischen Malerei des Abstrakten Expressionismus. Minimal-Art strebt nach Objektivit\u00e4t, schematischer Klarheit, Logik und Entpers\u00f6nlichung. Typisch f\u00fcr Skulpturen und Objekte der Minimal-Art ist das Reduzieren auf einfache und \u00fcbersichtliche, meist geometrische Grundstrukturen (sogenannte Primary Structures), h\u00e4ufig in serieller Wiederholung. Die industrielle Produktion wie auch der Einsatz von Fertigprodukten (z.B. Stein- und Metallfliesen (Carl Andre), Neonr\u00f6hren (Dan Flavin), Stahlrahmen (Donald Judd)), oder die \u00fcberdimensionale Vergr\u00f6\u00dferung ( Ronald Bladen, Tony Smith). lassen eigene Ordnungen entstehen, mit ihren eigenen Regeln und Gesetzen, mit Gegens\u00e4tzen wie Anfang und Ende sowie F\u00fclle und Leere.Unsere gesch\u00e4tzte F\u00fchrerin Jutta Kraft verstand es wieder, uns diese \u201eunverst\u00e4ndliche\u201c Kunst sehen zu lernen und \u00fcber unsere Vorbehalte zu diskutieren. Gleichzeitig setzte sie diese Kunstgattung in den zeithistorischen Rahmen, als Weiterentwicklung der Bauhauskunst, 1919 gegr\u00fcndet, die noch die heutige Zeit pr\u00e4gt. Bei wunderbarem Wetter genossen wir den Gedankenaustausch im Caf\u00e9 im Au\u00dfenbereich des Museums. Die n\u00e4chste gemeinsame Unternehmung f\u00fcr Juli wurde geplant. Auf einem Rundgang durch das Hochhausviertel Frankfurts will Jutta uns die architektonischen Besonderheiten dieser Geb\u00e4ude erl\u00e4utern. \u00a0\", \"Deutsch Female\");\n                }\n            };\n        <\/script>\n    \n\n\n\n<p class=\"has-medium-font-size\">zeigt bis zum 13. August das MMK2 Museum f\u00fcr Moderne Kunst herausragende Werke der Minimal Art der 1960er und 70er Jahre. In einer gro\u00dfen \u00dcberblicksschau mit fast 50 K\u00fcnstlerinnen und K\u00fcnstlern werden zahlreiche Meisterwerke aus dem Sammlungsbestand pr\u00e4sentiert.<\/p>\n\n\n\n<div class=\"wp-block-jetpack-tiled-gallery aligncenter is-style-rectangular\"><div class=\"tiled-gallery__gallery\"><div class=\"tiled-gallery__row\"><div class=\"tiled-gallery__col\" style=\"flex-basis:66.76456%\"><figure class=\"tiled-gallery__item\"><img decoding=\"async\" data-attachment-id=\"13616\" data-permalink=\"https:\/\/www.quartier-waldacker.de\/?attachment_id=13616#main\" data-orig-file=\"https:\/\/i0.wp.com\/www.quartier-waldacker.de\/wp-content\/uploads\/2017\/06\/Prim-1.jpg?fit=780%2C585&amp;ssl=1\" data-orig-size=\"780,585\" data-comments-opened=\"1\" data-image-meta=\"{&quot;aperture&quot;:&quot;0&quot;,&quot;credit&quot;:&quot;&quot;,&quot;camera&quot;:&quot;&quot;,&quot;caption&quot;:&quot;&quot;,&quot;created_timestamp&quot;:&quot;0&quot;,&quot;copyright&quot;:&quot;&quot;,&quot;focal_length&quot;:&quot;0&quot;,&quot;iso&quot;:&quot;0&quot;,&quot;shutter_speed&quot;:&quot;0&quot;,&quot;title&quot;:&quot;&quot;,&quot;orientation&quot;:&quot;0&quot;}\" data-image-title=\"Prim (1)\" data-image-description=\"\" data-image-caption=\"\" data-large-file=\"https:\/\/i0.wp.com\/www.quartier-waldacker.de\/wp-content\/uploads\/2017\/06\/Prim-1.jpg?fit=780%2C585&amp;ssl=1\" data-attachment-id=\"13616\" data-permalink=\"https:\/\/www.quartier-waldacker.de\/?attachment_id=13616#main\" data-orig-file=\"https:\/\/i0.wp.com\/www.quartier-waldacker.de\/wp-content\/uploads\/2017\/06\/Prim-1.jpg?fit=780%2C585&amp;ssl=1\" data-orig-size=\"780,585\" data-comments-opened=\"1\" data-image-meta=\"{&quot;aperture&quot;:&quot;0&quot;,&quot;credit&quot;:&quot;&quot;,&quot;camera&quot;:&quot;&quot;,&quot;caption&quot;:&quot;&quot;,&quot;created_timestamp&quot;:&quot;0&quot;,&quot;copyright&quot;:&quot;&quot;,&quot;focal_length&quot;:&quot;0&quot;,&quot;iso&quot;:&quot;0&quot;,&quot;shutter_speed&quot;:&quot;0&quot;,&quot;title&quot;:&quot;&quot;,&quot;orientation&quot;:&quot;0&quot;}\" data-image-title=\"Prim (1)\" data-image-description=\"\" data-image-caption=\"\" data-large-file=\"https:\/\/i0.wp.com\/www.quartier-waldacker.de\/wp-content\/uploads\/2017\/06\/Prim-1.jpg?fit=780%2C585&amp;ssl=1\" role=\"button\" tabindex=\"0\" aria-label=\"Open image 1 of 6 in full-screen\"srcset=\"https:\/\/i0.wp.com\/www.quartier-waldacker.de\/wp-content\/uploads\/2017\/06\/Prim-1.jpg?strip=info&#038;w=600&#038;ssl=1 600w,https:\/\/i0.wp.com\/www.quartier-waldacker.de\/wp-content\/uploads\/2017\/06\/Prim-1.jpg?strip=info&#038;w=780&#038;ssl=1 780w\" alt=\"\" data-height=\"585\" data-id=\"13616\" data-link=\"https:\/\/www.quartier-waldacker.de\/?attachment_id=13616#main\" data-url=\"https:\/\/www.quartier-waldacker.de\/wp-content\/uploads\/2017\/06\/Prim-1.jpg\" data-width=\"780\" src=\"https:\/\/i0.wp.com\/www.quartier-waldacker.de\/wp-content\/uploads\/2017\/06\/Prim-1.jpg?ssl=1\" data-amp-layout=\"responsive\"\/><\/figure><\/div><div class=\"tiled-gallery__col\" style=\"flex-basis:33.23544%\"><figure class=\"tiled-gallery__item\"><img decoding=\"async\" data-attachment-id=\"13618\" data-permalink=\"https:\/\/www.quartier-waldacker.de\/?attachment_id=13618#main\" data-orig-file=\"https:\/\/i0.wp.com\/www.quartier-waldacker.de\/wp-content\/uploads\/2017\/06\/Prim-3.jpg?fit=780%2C585&amp;ssl=1\" data-orig-size=\"780,585\" data-comments-opened=\"1\" data-image-meta=\"{&quot;aperture&quot;:&quot;0&quot;,&quot;credit&quot;:&quot;&quot;,&quot;camera&quot;:&quot;&quot;,&quot;caption&quot;:&quot;&quot;,&quot;created_timestamp&quot;:&quot;0&quot;,&quot;copyright&quot;:&quot;&quot;,&quot;focal_length&quot;:&quot;0&quot;,&quot;iso&quot;:&quot;0&quot;,&quot;shutter_speed&quot;:&quot;0&quot;,&quot;title&quot;:&quot;&quot;,&quot;orientation&quot;:&quot;0&quot;}\" data-image-title=\"Prim (3)\" data-image-description=\"\" data-image-caption=\"\" data-large-file=\"https:\/\/i0.wp.com\/www.quartier-waldacker.de\/wp-content\/uploads\/2017\/06\/Prim-3.jpg?fit=780%2C585&amp;ssl=1\" data-attachment-id=\"13618\" data-permalink=\"https:\/\/www.quartier-waldacker.de\/?attachment_id=13618#main\" data-orig-file=\"https:\/\/i0.wp.com\/www.quartier-waldacker.de\/wp-content\/uploads\/2017\/06\/Prim-3.jpg?fit=780%2C585&amp;ssl=1\" data-orig-size=\"780,585\" data-comments-opened=\"1\" data-image-meta=\"{&quot;aperture&quot;:&quot;0&quot;,&quot;credit&quot;:&quot;&quot;,&quot;camera&quot;:&quot;&quot;,&quot;caption&quot;:&quot;&quot;,&quot;created_timestamp&quot;:&quot;0&quot;,&quot;copyright&quot;:&quot;&quot;,&quot;focal_length&quot;:&quot;0&quot;,&quot;iso&quot;:&quot;0&quot;,&quot;shutter_speed&quot;:&quot;0&quot;,&quot;title&quot;:&quot;&quot;,&quot;orientation&quot;:&quot;0&quot;}\" data-image-title=\"Prim (3)\" data-image-description=\"\" data-image-caption=\"\" data-large-file=\"https:\/\/i0.wp.com\/www.quartier-waldacker.de\/wp-content\/uploads\/2017\/06\/Prim-3.jpg?fit=780%2C585&amp;ssl=1\" role=\"button\" tabindex=\"0\" aria-label=\"Open image 2 of 6 in full-screen\"srcset=\"https:\/\/i0.wp.com\/www.quartier-waldacker.de\/wp-content\/uploads\/2017\/06\/Prim-3.jpg?strip=info&#038;w=600&#038;ssl=1 600w,https:\/\/i0.wp.com\/www.quartier-waldacker.de\/wp-content\/uploads\/2017\/06\/Prim-3.jpg?strip=info&#038;w=780&#038;ssl=1 780w\" alt=\"\" data-height=\"585\" data-id=\"13618\" data-link=\"https:\/\/www.quartier-waldacker.de\/?attachment_id=13618#main\" data-url=\"https:\/\/www.quartier-waldacker.de\/wp-content\/uploads\/2017\/06\/Prim-3.jpg\" data-width=\"780\" src=\"https:\/\/i0.wp.com\/www.quartier-waldacker.de\/wp-content\/uploads\/2017\/06\/Prim-3.jpg?ssl=1\" data-amp-layout=\"responsive\"\/><\/figure><figure class=\"tiled-gallery__item\"><img decoding=\"async\" data-attachment-id=\"13617\" data-permalink=\"https:\/\/www.quartier-waldacker.de\/?attachment_id=13617#main\" data-orig-file=\"https:\/\/i0.wp.com\/www.quartier-waldacker.de\/wp-content\/uploads\/2017\/06\/Prim-2.jpg?fit=780%2C585&amp;ssl=1\" data-orig-size=\"780,585\" data-comments-opened=\"1\" data-image-meta=\"{&quot;aperture&quot;:&quot;0&quot;,&quot;credit&quot;:&quot;&quot;,&quot;camera&quot;:&quot;&quot;,&quot;caption&quot;:&quot;&quot;,&quot;created_timestamp&quot;:&quot;0&quot;,&quot;copyright&quot;:&quot;&quot;,&quot;focal_length&quot;:&quot;0&quot;,&quot;iso&quot;:&quot;0&quot;,&quot;shutter_speed&quot;:&quot;0&quot;,&quot;title&quot;:&quot;&quot;,&quot;orientation&quot;:&quot;0&quot;}\" data-image-title=\"Prim (2)\" data-image-description=\"\" data-image-caption=\"\" data-large-file=\"https:\/\/i0.wp.com\/www.quartier-waldacker.de\/wp-content\/uploads\/2017\/06\/Prim-2.jpg?fit=780%2C585&amp;ssl=1\" data-attachment-id=\"13617\" data-permalink=\"https:\/\/www.quartier-waldacker.de\/?attachment_id=13617#main\" data-orig-file=\"https:\/\/i0.wp.com\/www.quartier-waldacker.de\/wp-content\/uploads\/2017\/06\/Prim-2.jpg?fit=780%2C585&amp;ssl=1\" data-orig-size=\"780,585\" data-comments-opened=\"1\" data-image-meta=\"{&quot;aperture&quot;:&quot;0&quot;,&quot;credit&quot;:&quot;&quot;,&quot;camera&quot;:&quot;&quot;,&quot;caption&quot;:&quot;&quot;,&quot;created_timestamp&quot;:&quot;0&quot;,&quot;copyright&quot;:&quot;&quot;,&quot;focal_length&quot;:&quot;0&quot;,&quot;iso&quot;:&quot;0&quot;,&quot;shutter_speed&quot;:&quot;0&quot;,&quot;title&quot;:&quot;&quot;,&quot;orientation&quot;:&quot;0&quot;}\" data-image-title=\"Prim (2)\" data-image-description=\"\" data-image-caption=\"\" data-large-file=\"https:\/\/i0.wp.com\/www.quartier-waldacker.de\/wp-content\/uploads\/2017\/06\/Prim-2.jpg?fit=780%2C585&amp;ssl=1\" role=\"button\" tabindex=\"0\" aria-label=\"Open image 3 of 6 in full-screen\"srcset=\"https:\/\/i1.wp.com\/www.quartier-waldacker.de\/wp-content\/uploads\/2017\/06\/Prim-2.jpg?strip=info&#038;w=600&#038;ssl=1 600w,https:\/\/i1.wp.com\/www.quartier-waldacker.de\/wp-content\/uploads\/2017\/06\/Prim-2.jpg?strip=info&#038;w=780&#038;ssl=1 780w\" alt=\"\" data-height=\"585\" data-id=\"13617\" data-link=\"https:\/\/www.quartier-waldacker.de\/?attachment_id=13617#main\" data-url=\"https:\/\/www.quartier-waldacker.de\/wp-content\/uploads\/2017\/06\/Prim-2.jpg\" data-width=\"780\" src=\"https:\/\/i1.wp.com\/www.quartier-waldacker.de\/wp-content\/uploads\/2017\/06\/Prim-2.jpg?ssl=1\" data-amp-layout=\"responsive\"\/><\/figure><\/div><\/div><div class=\"tiled-gallery__row\"><div class=\"tiled-gallery__col\" style=\"flex-basis:33.33333%\"><figure class=\"tiled-gallery__item\"><img decoding=\"async\" data-attachment-id=\"13620\" data-permalink=\"https:\/\/www.quartier-waldacker.de\/?attachment_id=13620#main\" data-orig-file=\"https:\/\/i0.wp.com\/www.quartier-waldacker.de\/wp-content\/uploads\/2017\/06\/Prim-5.jpg?fit=780%2C585&amp;ssl=1\" data-orig-size=\"780,585\" data-comments-opened=\"1\" data-image-meta=\"{&quot;aperture&quot;:&quot;0&quot;,&quot;credit&quot;:&quot;&quot;,&quot;camera&quot;:&quot;&quot;,&quot;caption&quot;:&quot;&quot;,&quot;created_timestamp&quot;:&quot;0&quot;,&quot;copyright&quot;:&quot;&quot;,&quot;focal_length&quot;:&quot;0&quot;,&quot;iso&quot;:&quot;0&quot;,&quot;shutter_speed&quot;:&quot;0&quot;,&quot;title&quot;:&quot;&quot;,&quot;orientation&quot;:&quot;0&quot;}\" data-image-title=\"Prim (5)\" data-image-description=\"\" data-image-caption=\"\" data-large-file=\"https:\/\/i0.wp.com\/www.quartier-waldacker.de\/wp-content\/uploads\/2017\/06\/Prim-5.jpg?fit=780%2C585&amp;ssl=1\" data-attachment-id=\"13620\" data-permalink=\"https:\/\/www.quartier-waldacker.de\/?attachment_id=13620#main\" data-orig-file=\"https:\/\/i0.wp.com\/www.quartier-waldacker.de\/wp-content\/uploads\/2017\/06\/Prim-5.jpg?fit=780%2C585&amp;ssl=1\" data-orig-size=\"780,585\" data-comments-opened=\"1\" data-image-meta=\"{&quot;aperture&quot;:&quot;0&quot;,&quot;credit&quot;:&quot;&quot;,&quot;camera&quot;:&quot;&quot;,&quot;caption&quot;:&quot;&quot;,&quot;created_timestamp&quot;:&quot;0&quot;,&quot;copyright&quot;:&quot;&quot;,&quot;focal_length&quot;:&quot;0&quot;,&quot;iso&quot;:&quot;0&quot;,&quot;shutter_speed&quot;:&quot;0&quot;,&quot;title&quot;:&quot;&quot;,&quot;orientation&quot;:&quot;0&quot;}\" data-image-title=\"Prim (5)\" data-image-description=\"\" data-image-caption=\"\" data-large-file=\"https:\/\/i0.wp.com\/www.quartier-waldacker.de\/wp-content\/uploads\/2017\/06\/Prim-5.jpg?fit=780%2C585&amp;ssl=1\" role=\"button\" tabindex=\"0\" aria-label=\"Open image 4 of 6 in full-screen\"srcset=\"https:\/\/i2.wp.com\/www.quartier-waldacker.de\/wp-content\/uploads\/2017\/06\/Prim-5.jpg?strip=info&#038;w=600&#038;ssl=1 600w,https:\/\/i2.wp.com\/www.quartier-waldacker.de\/wp-content\/uploads\/2017\/06\/Prim-5.jpg?strip=info&#038;w=780&#038;ssl=1 780w\" alt=\"\" data-height=\"585\" data-id=\"13620\" data-link=\"https:\/\/www.quartier-waldacker.de\/?attachment_id=13620#main\" data-url=\"https:\/\/www.quartier-waldacker.de\/wp-content\/uploads\/2017\/06\/Prim-5.jpg\" data-width=\"780\" src=\"https:\/\/i2.wp.com\/www.quartier-waldacker.de\/wp-content\/uploads\/2017\/06\/Prim-5.jpg?ssl=1\" data-amp-layout=\"responsive\"\/><\/figure><\/div><div class=\"tiled-gallery__col\" style=\"flex-basis:33.33333%\"><figure class=\"tiled-gallery__item\"><img decoding=\"async\" data-attachment-id=\"13619\" data-permalink=\"https:\/\/www.quartier-waldacker.de\/?attachment_id=13619#main\" data-orig-file=\"https:\/\/i0.wp.com\/www.quartier-waldacker.de\/wp-content\/uploads\/2017\/06\/Prim-4.jpg?fit=780%2C585&amp;ssl=1\" data-orig-size=\"780,585\" data-comments-opened=\"1\" data-image-meta=\"{&quot;aperture&quot;:&quot;0&quot;,&quot;credit&quot;:&quot;&quot;,&quot;camera&quot;:&quot;&quot;,&quot;caption&quot;:&quot;&quot;,&quot;created_timestamp&quot;:&quot;0&quot;,&quot;copyright&quot;:&quot;&quot;,&quot;focal_length&quot;:&quot;0&quot;,&quot;iso&quot;:&quot;0&quot;,&quot;shutter_speed&quot;:&quot;0&quot;,&quot;title&quot;:&quot;&quot;,&quot;orientation&quot;:&quot;0&quot;}\" data-image-title=\"Prim (4)\" data-image-description=\"\" data-image-caption=\"\" data-large-file=\"https:\/\/i0.wp.com\/www.quartier-waldacker.de\/wp-content\/uploads\/2017\/06\/Prim-4.jpg?fit=780%2C585&amp;ssl=1\" data-attachment-id=\"13619\" data-permalink=\"https:\/\/www.quartier-waldacker.de\/?attachment_id=13619#main\" data-orig-file=\"https:\/\/i0.wp.com\/www.quartier-waldacker.de\/wp-content\/uploads\/2017\/06\/Prim-4.jpg?fit=780%2C585&amp;ssl=1\" data-orig-size=\"780,585\" data-comments-opened=\"1\" data-image-meta=\"{&quot;aperture&quot;:&quot;0&quot;,&quot;credit&quot;:&quot;&quot;,&quot;camera&quot;:&quot;&quot;,&quot;caption&quot;:&quot;&quot;,&quot;created_timestamp&quot;:&quot;0&quot;,&quot;copyright&quot;:&quot;&quot;,&quot;focal_length&quot;:&quot;0&quot;,&quot;iso&quot;:&quot;0&quot;,&quot;shutter_speed&quot;:&quot;0&quot;,&quot;title&quot;:&quot;&quot;,&quot;orientation&quot;:&quot;0&quot;}\" data-image-title=\"Prim (4)\" data-image-description=\"\" data-image-caption=\"\" data-large-file=\"https:\/\/i0.wp.com\/www.quartier-waldacker.de\/wp-content\/uploads\/2017\/06\/Prim-4.jpg?fit=780%2C585&amp;ssl=1\" role=\"button\" tabindex=\"0\" aria-label=\"Open image 5 of 6 in full-screen\"srcset=\"https:\/\/i1.wp.com\/www.quartier-waldacker.de\/wp-content\/uploads\/2017\/06\/Prim-4.jpg?strip=info&#038;w=600&#038;ssl=1 600w,https:\/\/i1.wp.com\/www.quartier-waldacker.de\/wp-content\/uploads\/2017\/06\/Prim-4.jpg?strip=info&#038;w=780&#038;ssl=1 780w\" alt=\"\" data-height=\"585\" data-id=\"13619\" data-link=\"https:\/\/www.quartier-waldacker.de\/?attachment_id=13619#main\" data-url=\"https:\/\/www.quartier-waldacker.de\/wp-content\/uploads\/2017\/06\/Prim-4.jpg\" data-width=\"780\" src=\"https:\/\/i1.wp.com\/www.quartier-waldacker.de\/wp-content\/uploads\/2017\/06\/Prim-4.jpg?ssl=1\" data-amp-layout=\"responsive\"\/><\/figure><\/div><div class=\"tiled-gallery__col\" style=\"flex-basis:33.33333%\"><figure class=\"tiled-gallery__item\"><img decoding=\"async\" data-attachment-id=\"13622\" data-permalink=\"https:\/\/www.quartier-waldacker.de\/?attachment_id=13622#main\" data-orig-file=\"https:\/\/i0.wp.com\/www.quartier-waldacker.de\/wp-content\/uploads\/2017\/06\/Prim-7.jpg?fit=780%2C585&amp;ssl=1\" data-orig-size=\"780,585\" data-comments-opened=\"1\" data-image-meta=\"{&quot;aperture&quot;:&quot;0&quot;,&quot;credit&quot;:&quot;&quot;,&quot;camera&quot;:&quot;&quot;,&quot;caption&quot;:&quot;&quot;,&quot;created_timestamp&quot;:&quot;0&quot;,&quot;copyright&quot;:&quot;&quot;,&quot;focal_length&quot;:&quot;0&quot;,&quot;iso&quot;:&quot;0&quot;,&quot;shutter_speed&quot;:&quot;0&quot;,&quot;title&quot;:&quot;&quot;,&quot;orientation&quot;:&quot;0&quot;}\" data-image-title=\"Prim (7)\" data-image-description=\"\" data-image-caption=\"\" data-large-file=\"https:\/\/i0.wp.com\/www.quartier-waldacker.de\/wp-content\/uploads\/2017\/06\/Prim-7.jpg?fit=780%2C585&amp;ssl=1\" data-attachment-id=\"13622\" data-permalink=\"https:\/\/www.quartier-waldacker.de\/?attachment_id=13622#main\" data-orig-file=\"https:\/\/i0.wp.com\/www.quartier-waldacker.de\/wp-content\/uploads\/2017\/06\/Prim-7.jpg?fit=780%2C585&amp;ssl=1\" data-orig-size=\"780,585\" data-comments-opened=\"1\" data-image-meta=\"{&quot;aperture&quot;:&quot;0&quot;,&quot;credit&quot;:&quot;&quot;,&quot;camera&quot;:&quot;&quot;,&quot;caption&quot;:&quot;&quot;,&quot;created_timestamp&quot;:&quot;0&quot;,&quot;copyright&quot;:&quot;&quot;,&quot;focal_length&quot;:&quot;0&quot;,&quot;iso&quot;:&quot;0&quot;,&quot;shutter_speed&quot;:&quot;0&quot;,&quot;title&quot;:&quot;&quot;,&quot;orientation&quot;:&quot;0&quot;}\" data-image-title=\"Prim (7)\" data-image-description=\"\" data-image-caption=\"\" data-large-file=\"https:\/\/i0.wp.com\/www.quartier-waldacker.de\/wp-content\/uploads\/2017\/06\/Prim-7.jpg?fit=780%2C585&amp;ssl=1\" role=\"button\" tabindex=\"0\" aria-label=\"Open image 6 of 6 in full-screen\"srcset=\"https:\/\/i1.wp.com\/www.quartier-waldacker.de\/wp-content\/uploads\/2017\/06\/Prim-7.jpg?strip=info&#038;w=600&#038;ssl=1 600w,https:\/\/i1.wp.com\/www.quartier-waldacker.de\/wp-content\/uploads\/2017\/06\/Prim-7.jpg?strip=info&#038;w=780&#038;ssl=1 780w\" alt=\"\" data-height=\"585\" data-id=\"13622\" data-link=\"https:\/\/www.quartier-waldacker.de\/?attachment_id=13622#main\" data-url=\"https:\/\/www.quartier-waldacker.de\/wp-content\/uploads\/2017\/06\/Prim-7.jpg\" data-width=\"780\" src=\"https:\/\/i1.wp.com\/www.quartier-waldacker.de\/wp-content\/uploads\/2017\/06\/Prim-7.jpg?ssl=1\" data-amp-layout=\"responsive\"\/><\/figure><\/div><\/div><\/div><\/div>\n\n\n\n<p> <p><span style=\"font-size: 14pt; font-family: arial,helvetica,sans-serif;\">Minimal Art entstand in den fr\u00fchen 1960er Jahren in den USA als Gegenbewegung zur gestischen Malerei des Abstrakten Expressionismus. Minimal-Art strebt nach Objektivit\u00e4t, schematischer Klarheit, Logik und Entpers\u00f6nlichung. Typisch f\u00fcr Skulpturen und Objekte der Minimal-Art ist das Reduzieren auf einfache und \u00fcbersichtliche, meist geometrische Grundstrukturen (sogenannte Primary Structures), h\u00e4ufig in serieller Wiederholung. Die industrielle Produktion wie auch der Einsatz von Fertigprodukten (z.B. Stein- und Metallfliesen (Carl Andre), Neonr\u00f6hren (Dan Flavin), Stahlrahmen (Donald Judd)), oder die \u00fcberdimensionale Vergr\u00f6\u00dferung ( Ronald Bladen, Tony Smith). lassen eigene Ordnungen entstehen, mit ihren eigenen Regeln und Gesetzen, mit Gegens\u00e4tzen wie Anfang und Ende sowie F\u00fclle und Leere.<br><\/span><span style=\"font-family: arial,helvetica,sans-serif; font-size: 14pt;\">Unsere gesch\u00e4tzte F\u00fchrerin Jutta Kraft verstand es wieder, uns diese \u201eunverst\u00e4ndliche\u201c Kunst sehen zu lernen und \u00fcber unsere Vorbehalte zu diskutieren. Gleichzeitig setzte sie diese Kunstgattung in den zeithistorischen Rahmen, als Weiterentwicklung der Bauhauskunst, 1919 gegr\u00fcndet, die noch die heutige Zeit pr\u00e4gt.<\/span> <span style=\"font-family: arial,helvetica,sans-serif; font-size: 14pt;\">Bei wunderbarem Wetter genossen wir den Gedankenaustausch im Caf\u00e9 im Au\u00dfenbereich des Museums.<\/span> <span style=\"font-family: arial,helvetica,sans-serif; font-size: 14pt;\">Die n\u00e4chste gemeinsame Unternehmung f\u00fcr Juli wurde geplant. Auf einem Rundgang durch das Hochhausviertel Frankfurts will Jutta uns die architektonischen Besonderheiten dieser Geb\u00e4ude erl\u00e4utern.<\/span> \u00a0<\/p>   <p><iframe loading=\"lazy\" src=\"https:\/\/www.youtube.com\/embed\/AlnJ-X1gXU4\" allowfullscreen=\"allowfullscreen\" width=\"854\" height=\"480\" frameborder=\"0\"><\/iframe><\/p> <\/p>\n","protected":false},"excerpt":{"rendered":"<p>zeigt bis zum 13. August das MMK2 Museum f\u00fcr Moderne Kunst herausragende Werke der Minimal Art der 1960er und 70er Jahre. In einer gro\u00dfen \u00dcberblicksschau mit fast 50 K\u00fcnstlerinnen und K\u00fcnstlern werden zahlreiche Meisterwerke aus dem Sammlungsbestand pr\u00e4sentiert. Minimal Art entstand in den fr\u00fchen 1960er Jahren in den USA als Gegenbewegung zur gestischen Malerei des &#8230; <a title=\"Primary structures Meisterwerke der Minimal Art\" class=\"read-more\" href=\"https:\/\/www.quartier-waldacker.de\/?p=13608\" aria-label=\"Mehr Informationen \u00fcber Primary structures Meisterwerke der Minimal Art\">Weiterlesen<\/a><\/p>\n","protected":false},"author":1,"featured_media":13543,"comment_status":"open","ping_status":"open","sticky":false,"template":"","format":"standard","meta":{"generate_page_header":"","_jetpack_memberships_contains_paid_content":false,"footnotes":""},"categories":[161],"tags":[205,211],"class_list":["post-13608","post","type-post","status-publish","format-standard","has-post-thumbnail","hentry","category-kultur","tag-ausstellungen","tag-kunst"],"jetpack_featured_media_url":"https:\/\/i0.wp.com\/www.quartier-waldacker.de\/wp-content\/uploads\/2017\/06\/Museum9.jpg?fit=1380%2C290&ssl=1","jetpack-related-posts":[{"id":12796,"url":"https:\/\/www.quartier-waldacker.de\/?p=12796","url_meta":{"origin":13608,"position":0},"title":"AG &#8211; Kulinarische Reise durch und um R\u00f6dermark","author":"admin","date":"24. April 2017","format":false,"excerpt":"M\u00f6chtest sie mit nette Leute auf mediterrane Art Tapas, Gazpacho und Paella schlemmen oder sind sie ein Fan von Pizza, Pasta und Co. oder wollen sie die Vielseitigkeit der deutschen K\u00fcche erleben und genie\u00dfen?Die Arbeitsgruppe \u2013 \u201eKulinarische Reise durch und um R\u00f6dermark\u201c der Quartiersgruppe Waldacker organisiert unverbindliche Treffen im 14\u2026","rel":"","context":"In &quot;Arbeitsgruppen&quot;","block_context":{"text":"Arbeitsgruppen","link":"https:\/\/www.quartier-waldacker.de\/?cat=196"},"img":{"alt_text":"","src":"https:\/\/i0.wp.com\/www.quartier-waldacker.de\/wp-content\/uploads\/2016\/11\/Essen-5-Gabeln_300.jpg?fit=1200%2C281&ssl=1&resize=350%2C200","width":350,"height":200,"srcset":"https:\/\/i0.wp.com\/www.quartier-waldacker.de\/wp-content\/uploads\/2016\/11\/Essen-5-Gabeln_300.jpg?fit=1200%2C281&ssl=1&resize=350%2C200 1x, https:\/\/i0.wp.com\/www.quartier-waldacker.de\/wp-content\/uploads\/2016\/11\/Essen-5-Gabeln_300.jpg?fit=1200%2C281&ssl=1&resize=525%2C300 1.5x, https:\/\/i0.wp.com\/www.quartier-waldacker.de\/wp-content\/uploads\/2016\/11\/Essen-5-Gabeln_300.jpg?fit=1200%2C281&ssl=1&resize=700%2C400 2x, https:\/\/i0.wp.com\/www.quartier-waldacker.de\/wp-content\/uploads\/2016\/11\/Essen-5-Gabeln_300.jpg?fit=1200%2C281&ssl=1&resize=1050%2C600 3x"},"classes":[]},{"id":6836,"url":"https:\/\/www.quartier-waldacker.de\/?p=6836","url_meta":{"origin":13608,"position":1},"title":"Wer rastet, der rostet!","author":"Johannes","date":"11. Dezember 2014","format":false,"excerpt":"Wer rastet, der rostet! Gerade im Alter w\u00fcnschen sich viele Menschen, den \"Lebensabend\" bei guter Gesundheit zu genie\u00dfen. Regelm\u00e4\u00dfige Bewegung kann hierf\u00fcr einen wertvollen Beitrag leisten, nicht zuletzt zur Gesunderhaltung des K\u00f6rpers. Eine besonders effektive Art der Bewegung ist der finnische Gesundheitssport Nordic Walking. Zehn wackere Waldackerer Damen und\u00a0 Herren\u2026","rel":"","context":"In &quot;Nordic Walking&quot;","block_context":{"text":"Nordic Walking","link":"https:\/\/www.quartier-waldacker.de\/?cat=41"},"img":{"alt_text":"","src":"https:\/\/i0.wp.com\/www.quartier-waldacker.de\/wp-content\/uploads\/2014\/12\/Bulau1_720_400.jpg?fit=720%2C406&ssl=1&resize=350%2C200","width":350,"height":200,"srcset":"https:\/\/i0.wp.com\/www.quartier-waldacker.de\/wp-content\/uploads\/2014\/12\/Bulau1_720_400.jpg?fit=720%2C406&ssl=1&resize=350%2C200 1x, https:\/\/i0.wp.com\/www.quartier-waldacker.de\/wp-content\/uploads\/2014\/12\/Bulau1_720_400.jpg?fit=720%2C406&ssl=1&resize=525%2C300 1.5x, https:\/\/i0.wp.com\/www.quartier-waldacker.de\/wp-content\/uploads\/2014\/12\/Bulau1_720_400.jpg?fit=720%2C406&ssl=1&resize=700%2C400 2x"},"classes":[]},{"id":23274,"url":"https:\/\/www.quartier-waldacker.de\/?p=23274","url_meta":{"origin":13608,"position":2},"title":"Schutz vor Betr\u00fcgern und Abzockern","author":"admin","date":"10. November 2023","format":false,"excerpt":"Gut besuchter Sicherheitsvortrag f\u00fcr Senioren im Rahmen des Kompass-Programms Schockanufe, Betrug an der Haust\u00fcr und am Telefon, Enkeltrick- bekannte Stichworte f\u00fcr die dreisten und perfiden Machenschaften von Kriminellen. H\u00e4ufig sind es \u00e4ltere Menschen, die in die F\u00e4nge dieser Abzocker geraten. Was tun? Wie kann man sich sch\u00fctzen? Darum ging es\u2026","rel":"","context":"Similar post","block_context":{"text":"Similar post","link":""},"img":{"alt_text":"","src":"https:\/\/i0.wp.com\/www.quartier-waldacker.de\/wp-content\/uploads\/2017\/11\/Stadt_R%C3%B6derm_info.jpg?fit=1200%2C261&ssl=1&resize=350%2C200","width":350,"height":200,"srcset":"https:\/\/i0.wp.com\/www.quartier-waldacker.de\/wp-content\/uploads\/2017\/11\/Stadt_R%C3%B6derm_info.jpg?fit=1200%2C261&ssl=1&resize=350%2C200 1x, https:\/\/i0.wp.com\/www.quartier-waldacker.de\/wp-content\/uploads\/2017\/11\/Stadt_R%C3%B6derm_info.jpg?fit=1200%2C261&ssl=1&resize=525%2C300 1.5x, https:\/\/i0.wp.com\/www.quartier-waldacker.de\/wp-content\/uploads\/2017\/11\/Stadt_R%C3%B6derm_info.jpg?fit=1200%2C261&ssl=1&resize=700%2C400 2x, https:\/\/i0.wp.com\/www.quartier-waldacker.de\/wp-content\/uploads\/2017\/11\/Stadt_R%C3%B6derm_info.jpg?fit=1200%2C261&ssl=1&resize=1050%2C600 3x"},"classes":[]},{"id":23526,"url":"https:\/\/www.quartier-waldacker.de\/?p=23526","url_meta":{"origin":13608,"position":3},"title":"Gegen Einsamkeit und soziale Isolation","author":"kroschka","date":"19. Februar 2024","format":false,"excerpt":"Ein Beitrag der Quartiersaktivistin Annemarie Eck! Durch verschiedene Ereignisse in der letzten Zeit ist mir erst richtig bewusst geworden, was die Stadtteilgruppen, auch Quartiersgruppen genannt, alles f\u00fcr die Menschen in R\u00f6dermark leisten. Das Angebot der Quartiersgruppe Waldacker z.B. umfasst folgende Aktivit\u00e4ten: Treffen jeden 1. Dienstag im Monat im B\u00fcrgertreff Waldacker\u2026","rel":"","context":"In &quot;B\u00fcrgerschaftliches Engagement&quot;","block_context":{"text":"B\u00fcrgerschaftliches Engagement","link":"https:\/\/www.quartier-waldacker.de\/?cat=184"},"img":{"alt_text":"","src":"https:\/\/i0.wp.com\/www.quartier-waldacker.de\/wp-content\/uploads\/2024\/02\/Header_annm780.jpg?fit=780%2C300&ssl=1&resize=350%2C200","width":350,"height":200,"srcset":"https:\/\/i0.wp.com\/www.quartier-waldacker.de\/wp-content\/uploads\/2024\/02\/Header_annm780.jpg?fit=780%2C300&ssl=1&resize=350%2C200 1x, https:\/\/i0.wp.com\/www.quartier-waldacker.de\/wp-content\/uploads\/2024\/02\/Header_annm780.jpg?fit=780%2C300&ssl=1&resize=525%2C300 1.5x, https:\/\/i0.wp.com\/www.quartier-waldacker.de\/wp-content\/uploads\/2024\/02\/Header_annm780.jpg?fit=780%2C300&ssl=1&resize=700%2C400 2x"},"classes":[]},{"id":74,"url":"https:\/\/www.quartier-waldacker.de\/?p=74","url_meta":{"origin":13608,"position":4},"title":"Pr\u00e4sent im Internet","author":"admin","date":"8. November 2012","format":false,"excerpt":"Die Homepage ist eine der vielen Methoden sich zu pr\u00e4sentieren und zu informieren. Wir von der Quartiersgruppe haben von Beginn an (Dezember 2011) beschlossen im Internet pr\u00e4sent zu sein, um unseren B\u00fcrger auf dieser Art bequem \u00fcber unser Aktivit\u00e4ten zu informieren. Seit Juli 2012 kann man uns im Internet erreichen\u2026","rel":"","context":"In &quot;Homepage&quot;","block_context":{"text":"Homepage","link":"https:\/\/www.quartier-waldacker.de\/?cat=7"},"img":{"alt_text":"","src":"","width":0,"height":0},"classes":[]},{"id":7420,"url":"https:\/\/www.quartier-waldacker.de\/?p=7420","url_meta":{"origin":13608,"position":5},"title":"Kostenloses Augentraining f\u00fcr Senioren und Seniorinnen im B\u00fcrgertreff Waldacker","author":"admin","date":"30. Januar 2015","format":false,"excerpt":"Am 13. Februar 2015 und an zwei weiteren Terminen findet von 15.00 Uhr bis 16.00 Uhr im B\u00fcrgertreff Waldacker unter der Leitung von Angelika Tank ein kostenloses Augentraining statt. Sie lernen in diesem Kurs M\u00f6glichkeiten kennen, Ihren Augen zum besseren und entspannten Sehen zu verhelfen. Gezeigt werden alternative Methoden, wie\u2026","rel":"","context":"In &quot;Fitness&quot;","block_context":{"text":"Fitness","link":"https:\/\/www.quartier-waldacker.de\/?cat=187"},"img":{"alt_text":"","src":"https:\/\/i0.wp.com\/www.quartier-waldacker.de\/wp-content\/uploads\/2015\/01\/Aug-300x200.jpg?resize=350%2C200&ssl=1","width":350,"height":200},"classes":[]}],"jetpack_sharing_enabled":true,"rttpg_featured_image_url":{"full":["https:\/\/i0.wp.com\/www.quartier-waldacker.de\/wp-content\/uploads\/2017\/06\/Museum9.jpg?fit=1380%2C290&ssl=1",1380,290,false],"landscape":["https:\/\/www.quartier-waldacker.de\/wp-content\/uploads\/2017\/06\/Museum9.jpg",1380,290,false],"portraits":["https:\/\/www.quartier-waldacker.de\/wp-content\/uploads\/2017\/06\/Museum9.jpg",1380,290,false],"thumbnail":["https:\/\/i0.wp.com\/www.quartier-waldacker.de\/wp-content\/uploads\/2017\/06\/Museum9.jpg?resize=150%2C150&ssl=1",150,150,true],"medium":["https:\/\/i0.wp.com\/www.quartier-waldacker.de\/wp-content\/uploads\/2017\/06\/Museum9.jpg?fit=300%2C63&ssl=1",300,63,true],"large":["https:\/\/i0.wp.com\/www.quartier-waldacker.de\/wp-content\/uploads\/2017\/06\/Museum9.jpg?fit=1024%2C215&ssl=1",1024,215,true],"1536x1536":["https:\/\/i0.wp.com\/www.quartier-waldacker.de\/wp-content\/uploads\/2017\/06\/Museum9.jpg?fit=1380%2C290&ssl=1",1380,290,true],"2048x2048":["https:\/\/i0.wp.com\/www.quartier-waldacker.de\/wp-content\/uploads\/2017\/06\/Museum9.jpg?fit=1380%2C290&ssl=1",1380,290,true]},"rttpg_author":{"display_name":"admin","author_link":"https:\/\/www.quartier-waldacker.de\/?author=1"},"rttpg_comment":0,"rttpg_category":"<a href=\"https:\/\/www.quartier-waldacker.de\/?cat=161\" rel=\"category\">Kultur\/Kunst<\/a>","rttpg_excerpt":"zeigt bis zum 13. August das MMK2 Museum f\u00fcr Moderne Kunst herausragende Werke der Minimal Art der 1960er und 70er Jahre. In einer gro\u00dfen \u00dcberblicksschau mit fast 50 K\u00fcnstlerinnen und K\u00fcnstlern werden zahlreiche Meisterwerke aus dem Sammlungsbestand pr\u00e4sentiert. Minimal Art entstand in den fr\u00fchen 1960er Jahren in den USA als Gegenbewegung zur gestischen Malerei des&hellip;","_links":{"self":[{"href":"https:\/\/www.quartier-waldacker.de\/index.php?rest_route=\/wp\/v2\/posts\/13608","targetHints":{"allow":["GET"]}}],"collection":[{"href":"https:\/\/www.quartier-waldacker.de\/index.php?rest_route=\/wp\/v2\/posts"}],"about":[{"href":"https:\/\/www.quartier-waldacker.de\/index.php?rest_route=\/wp\/v2\/types\/post"}],"author":[{"embeddable":true,"href":"https:\/\/www.quartier-waldacker.de\/index.php?rest_route=\/wp\/v2\/users\/1"}],"replies":[{"embeddable":true,"href":"https:\/\/www.quartier-waldacker.de\/index.php?rest_route=%2Fwp%2Fv2%2Fcomments&post=13608"}],"version-history":[{"count":0,"href":"https:\/\/www.quartier-waldacker.de\/index.php?rest_route=\/wp\/v2\/posts\/13608\/revisions"}],"wp:featuredmedia":[{"embeddable":true,"href":"https:\/\/www.quartier-waldacker.de\/index.php?rest_route=\/wp\/v2\/media\/13543"}],"wp:attachment":[{"href":"https:\/\/www.quartier-waldacker.de\/index.php?rest_route=%2Fwp%2Fv2%2Fmedia&parent=13608"}],"wp:term":[{"taxonomy":"category","embeddable":true,"href":"https:\/\/www.quartier-waldacker.de\/index.php?rest_route=%2Fwp%2Fv2%2Fcategories&post=13608"},{"taxonomy":"post_tag","embeddable":true,"href":"https:\/\/www.quartier-waldacker.de\/index.php?rest_route=%2Fwp%2Fv2%2Ftags&post=13608"}],"curies":[{"name":"wp","href":"https:\/\/api.w.org\/{rel}","templated":true}]}}