{"id":13368,"date":"2017-06-06T15:39:24","date_gmt":"2017-06-06T14:39:24","guid":{"rendered":"https:\/\/www.quartier-waldacker.de\/?p=13368"},"modified":"2024-11-24T10:52:05","modified_gmt":"2024-11-24T09:52:05","slug":"ag-homepage","status":"publish","type":"post","link":"https:\/\/www.quartier-waldacker.de\/?p=13368","title":{"rendered":"AG &#8211; Homepage"},"content":{"rendered":"\n<div id=\"pgc-13368-3-2\" class=\"panel-grid-cell panel-grid-cell-empty\" data-weight=\"0.33333333333333\">&nbsp;<\/div>\n\n\n\n<div id=\"pgc-13368-4-1\" class=\"panel-grid-cell\" data-weight=\"0.33333333333333\">\n<div id=\"panel-13368-4-1-0\" class=\"so-panel widget widget_ink-person panel-first-child panel-last-child\" data-index=\"6\" data-style=\"{&quot;background_display&quot;:&quot;tile&quot;,&quot;iw-visible-screen&quot;:&quot;iw-all&quot;,&quot;iw-visible-layout&quot;:&quot;iw-all&quot;}\">\n<div class=\"panel-widget-style panel-widget-style-for-13368-4-1-0\" data-iw-animation-delay=\"\" data-iw-animation-position=\"\">&nbsp;<\/div>\n<\/div>\n<\/div>\n\n\n<button class=\"responsivevoice-button\" type=\"button\" title=\"ResponsiveVoice Tap to Start\/Stop Speech\" data-rvtts-action=\"speak\" data-rvtts-text=\"\u00a0 \u00a0 Warum eine Homepage? Mit einer Homepage ist man im Internet sichtbar und kann sich als Gruppe pr\u00e4sentieren. Das Internet ist f\u00fcr die meisten Menschen eine Selbstverst\u00e4ndlichkeit. Wer heute sucht, googelt! Was wollen wir? Auf unserer Homepage, unserer digitalen Zeitung, Visitenkarte und Ideenplattform, informieren wir alle schnell, kosteng\u00fcnstig und rund um die Uhr! Hier k\u00f6nnen wir \u00fcber Neuigkeiten, interessante Info-Angebote und \u00fcber unsere Aktivit\u00e4ten ausf\u00fchrlich schreiben bzw. diese pr\u00e4sentieren, effektiver als in anderen Medien. Mit spannenden Videos, interessanten Fotos und begeisternden Texten wollen wir auch neue Mitmacher f\u00fcr die Quartiersarbeit in Waldacker begeistern. Was bietet unsere Homepage? \u2022 Im Blog berichten wir \u00fcber unsere Projekte, Aktivit\u00e4ten, Kultur, Freizeit und Stadtteilgeschehen\u2022 Veranstaltungskalender\u2022 Links zu interessanten Seiten \u00fcber dieses und jenes\u2022 Download-Angebote\u2022 Kontakt\u2022 Bilder-Galerie\u2022 Presseberichte \u00fcber Quartiersarbeit und Stadtteilgeschehen Was suchen wir? \u2022 Autoren, die kreativ an unserer Homepage mitarbeiten wollen. Autorenteam\" data-rvtts-voice=\"Deutsch Female\" data-rvtts-brand-url=\"https:\/\/responsivevoice.org\/?utm_source=wordpress-plugin&amp;utm_medium=referral&amp;utm_campaign=powered-by\" data-rvtts-brand-label=\"Powered by ResponsiveVoice\"><svg class=\"rvtts-icon\" width=\"22\" height=\"22\" viewBox=\"0 0 22 22\" fill=\"currentColor\" aria-hidden=\"true\" focusable=\"false\"><path fill-rule=\"evenodd\" clip-rule=\"evenodd\" d=\"M11 0C4.92345 0 0 4.92345 0 11C0 13.2683 0.690345 15.3772 1.86621 17.1221L0.811724 21.0517L4.70345 20.0124C6.48621 21.2641 8.65586 22 11 22C17.0766 22 22 17.0766 22 11C22 4.92345 17.0766 0 11 0ZM3.99793 9.99862C3.99793 9.44483 4.44552 8.99724 4.99931 8.99724C5.5531 8.99724 6.00069 9.44483 6.00069 9.99862V12.0014C6.00069 12.5552 5.5531 13.0028 4.99931 13.0028C4.44552 13.0028 3.99793 12.5552 3.99793 12.0014V9.99862ZM8.99724 13.9966C8.99724 14.5503 8.54966 14.9979 7.99586 14.9979C7.44207 14.9979 6.99448 14.5503 6.99448 13.9966V7.99586C6.99448 7.44207 7.44207 6.99448 7.99586 6.99448C8.54966 6.99448 8.99724 7.44207 8.99724 7.99586V13.9966ZM12.0014 17.0007C12.0014 17.5545 11.5538 18.0021 11 18.0021C10.4462 18.0021 9.99862 17.5545 9.99862 17.0007V4.99931C9.99862 4.44552 10.4462 3.99793 11 3.99793C11.5538 3.99793 12.0014 4.44552 12.0014 4.99931V17.0007ZM14.9979 13.9966C14.9979 14.5503 14.5503 14.9979 13.9966 14.9979C13.4428 14.9979 12.9952 14.5503 12.9952 13.9966V7.99586C12.9952 7.44207 13.4428 6.99448 13.9966 6.99448C14.5503 6.99448 14.9979 7.44207 14.9979 7.99586V13.9966ZM18.0021 12.0014C18.0021 12.5552 17.5545 13.0028 17.0007 13.0028C16.4469 13.0028 15.9993 12.5552 15.9993 12.0014V9.99862C15.9993 9.44483 16.4469 8.99724 17.0007 8.99724C17.5545 8.99724 18.0021 9.44483 18.0021 9.99862V12.0014Z\"\/><\/svg><span class=\"responsivevoice-button__label\">Vorlesen<\/span><\/button>\n\n\n\n<h2 class=\"wp-block-heading\"><strong>Warum eine Homepage?<\/strong><\/h2>\n\n\n\n<p class=\"has-medium-font-size wp-block-paragraph\">Mit einer Homepage ist man im Internet sichtbar und kann sich als Gruppe pr\u00e4sentieren. Das Internet ist f\u00fcr die meisten Menschen eine Selbstverst\u00e4ndlichkeit. Wer heute sucht, googelt!<br><\/p>\n\n\n\n<h2 class=\"wp-block-heading\"><strong>Was wollen wir?<\/strong><\/h2>\n\n\n\n<p class=\"has-medium-font-size wp-block-paragraph\">Auf unserer Homepage, unserer digitalen Zeitung, Visitenkarte und Ideenplattform, informieren wir alle schnell, kosteng\u00fcnstig und rund um die Uhr! Hier k\u00f6nnen wir \u00fcber Neuigkeiten, interessante Info-Angebote und \u00fcber unsere Aktivit\u00e4ten ausf\u00fchrlich schreiben bzw. diese pr\u00e4sentieren, effektiver als in anderen Medien. Mit spannenden Videos, interessanten Fotos und begeisternden Texten wollen wir auch neue Mitmacher f\u00fcr die Quartiersarbeit in Waldacker begeistern.<\/p>\n\n\n\n<h2 class=\"wp-block-heading\"><strong>Was bietet unsere Homepage?<\/strong><\/h2>\n\n\n\n<p class=\"has-medium-font-size wp-block-paragraph\">\u2022 Im Blog berichten wir \u00fcber unsere Projekte, Aktivit\u00e4ten, Kultur, Freizeit und Stadtteilgeschehen<br>\u2022 Veranstaltungskalender<br>\u2022 Links zu interessanten Seiten \u00fcber dieses und jenes<br>\u2022 Download-Angebote<br>\u2022 Kontakt<br>\u2022 Bilder-Galerie<br>\u2022 Presseberichte \u00fcber Quartiersarbeit und Stadtteilgeschehen<\/p>\n\n\n\n<h2 class=\"wp-block-heading\"><strong>Was suchen wir?<\/strong><\/h2>\n\n\n\n<p class=\"has-medium-font-size wp-block-paragraph\">\u2022 Autoren, die kreativ an unserer Homepage mitarbeiten wollen.<\/p>\n\n\n<div\r\n    \tclass=\"alignwide wp-block-tsb-team\"    id='tsbTeamMembers-2'\r\n    data-attributes='{&quot;cId&quot;:&quot;801fc589-3&quot;,&quot;members&quot;:[{&quot;background&quot;:{&quot;color&quot;:&quot;#0000&quot;,&quot;type&quot;:&quot;solid&quot;,&quot;gradient&quot;:&quot;linear-gradient(135deg, #4527a4, #8344c5)&quot;,&quot;image&quot;:[],&quot;position&quot;:&quot;center center&quot;,&quot;attachment&quot;:&quot;initial&quot;,&quot;repeat&quot;:&quot;no-repeat&quot;,&quot;size&quot;:&quot;cover&quot;,&quot;overlayColor&quot;:&quot;#000000b3&quot;,&quot;styles&quot;:&quot;background: #0000;&quot;},&quot;border&quot;:{&quot;radius&quot;:&quot;3px&quot;},&quot;shadow&quot;:{&quot;shadow&quot;:[{&quot;hOffset&quot;:&quot;0px&quot;,&quot;vOffset&quot;:&quot;0px&quot;,&quot;blur&quot;:&quot;0px&quot;,&quot;spreed&quot;:&quot;0px&quot;,&quot;color&quot;:&quot;#7090b0&quot;,&quot;isInset&quot;:false}],&quot;styles&quot;:&quot;0px 0px 0px 0px #7090b0&quot;},&quot;photo&quot;:{&quot;id&quot;:22011,&quot;url&quot;:&quot;https:\\\/\\\/www.quartier-waldacker.de\\\/wp-content\\\/uploads\\\/2023\\\/02\\\/Scan_20170224-3-rotated.jpg&quot;,&quot;alt&quot;:&quot;&quot;,&quot;title&quot;:&quot;Scan_20170224 (3)&quot;},&quot;photoBorder&quot;:{&quot;radius&quot;:&quot;50%&quot;},&quot;name&quot;:&quot;Johannes Ohnesorg&quot;,&quot;nameColor&quot;:&quot;#333&quot;,&quot;title&quot;:&quot;Administrator&quot;,&quot;titleColor&quot;:&quot;#333&quot;,&quot;separator&quot;:{&quot;width&quot;:&quot;20%&quot;,&quot;height&quot;:&quot;3px&quot;,&quot;color&quot;:&quot;#777&quot;},&quot;bio&quot;:&quot;Ich versuche die Homepage funktionsf\\u00e4hig und auf dem neusten Stand zu halten.&quot;,&quot;bioColor&quot;:&quot;#333&quot;,&quot;social&quot;:[{&quot;link&quot;:&quot;mailto:admin@quartier-waldacker.de&quot;,&quot;icon&quot;:{&quot;class&quot;:&quot;fas fa-envelope&quot;,&quot;styles&quot;:&quot;color: inherit;&quot;,&quot;name&quot;:&quot;envelope&quot;,&quot;fontSize&quot;:22,&quot;colorType&quot;:&quot;solid&quot;,&quot;color&quot;:&quot;inherit&quot;,&quot;gradient&quot;:&quot;linear-gradient(135deg, #4527a4, #8344c5)&quot;}}],&quot;socialIconColors&quot;:{&quot;type&quot;:&quot;object&quot;,&quot;default&quot;:{&quot;color&quot;:&quot;#fff&quot;,&quot;bg&quot;:&quot;#4527a4&quot;},&quot;color&quot;:&quot;#fff&quot;,&quot;bgType&quot;:&quot;solid&quot;,&quot;bg&quot;:&quot;#4527a4&quot;,&quot;gradient&quot;:&quot;linear-gradient(135deg, #4527a4, #8344c5)&quot;,&quot;styles&quot;:&quot;color: #fff; background: #4527a4;&quot;}}],&quot;columns&quot;:{&quot;desktop&quot;:1,&quot;tablet&quot;:2,&quot;mobile&quot;:1},&quot;align&quot;:&quot;wide&quot;,&quot;columnGap&quot;:&quot;30px&quot;,&quot;rowGap&quot;:&quot;30px&quot;,&quot;layout&quot;:&quot;vertical&quot;,&quot;theme&quot;:&quot;default&quot;,&quot;isLinkNewTab&quot;:false,&quot;textAlign&quot;:&quot;center&quot;,&quot;padding&quot;:{&quot;vertical&quot;:&quot;50px&quot;,&quot;horizontal&quot;:&quot;20px&quot;},&quot;photoWidth&quot;:&quot;170px&quot;,&quot;photoMargin&quot;:{&quot;side&quot;:4,&quot;bottom&quot;:&quot;20px&quot;},&quot;nameTypo&quot;:{&quot;fontSize&quot;:{&quot;desktop&quot;:&quot;20px&quot;,&quot;tablet&quot;:&quot;18px&quot;,&quot;mobile&quot;:&quot;16px&quot;},&quot;fontWeight&quot;:600},&quot;nameMargin&quot;:{&quot;side&quot;:4,&quot;bottom&quot;:&quot;10px&quot;},&quot;isTitle&quot;:true,&quot;titleTypo&quot;:{&quot;fontSize&quot;:{&quot;desktop&quot;:&quot;16px&quot;}},&quot;titleMargin&quot;:{&quot;side&quot;:4,&quot;bottom&quot;:&quot;10px&quot;},&quot;isSep&quot;:true,&quot;sepMargin&quot;:{&quot;side&quot;:4,&quot;bottom&quot;:&quot;15px&quot;},&quot;isBio&quot;:true,&quot;bioTypo&quot;:{&quot;fontSize&quot;:{&quot;desktop&quot;:&quot;15px&quot;}},&quot;bioMargin&quot;:{&quot;side&quot;:4,&quot;bottom&quot;:&quot;15px&quot;},&quot;isSocial&quot;:true,&quot;socialSize&quot;:&quot;22px&quot;,&quot;socialIconMargin&quot;:{&quot;side&quot;:2,&quot;vertical&quot;:&quot;10px&quot;,&quot;horizontal&quot;:&quot;10px&quot;},&quot;styles&quot;:{&quot;bg&quot;:[],&quot;width&quot;:&quot;100%&quot;,&quot;alignment&quot;:&quot;center&quot;,&quot;padding&quot;:{&quot;top&quot;:&quot;0px&quot;,&quot;right&quot;:&quot;0px&quot;,&quot;bottom&quot;:&quot;0px&quot;,&quot;left&quot;:&quot;0px&quot;},&quot;margin&quot;:{&quot;top&quot;:&quot;0px&quot;,&quot;right&quot;:&quot;0px&quot;,&quot;bottom&quot;:&quot;0px&quot;,&quot;left&quot;:&quot;0px&quot;},&quot;teamMember&quot;:{&quot;height&quot;:{&quot;desktop&quot;:&quot;100%&quot;,&quot;tablet&quot;:&quot;100%&quot;,&quot;mobile&quot;:&quot;300px&quot;},&quot;padding&quot;:{&quot;top&quot;:&quot;11px&quot;,&quot;left&quot;:&quot;11px&quot;,&quot;bottom&quot;:&quot;11px&quot;,&quot;right&quot;:&quot;11px&quot;},&quot;shape&quot;:{&quot;bg&quot;:{&quot;type&quot;:&quot;gradient&quot;,&quot;gradient&quot;:&quot;&quot;}},&quot;bg&quot;:{&quot;type&quot;:&quot;gradient&quot;,&quot;gradient&quot;:&quot;linear-gradient(83deg,rgb(255,221,64) 97%,rgba(0,0,0,0) 97%)&quot;},&quot;evenItemBg&quot;:{&quot;type&quot;:&quot;gradient&quot;,&quot;gradient&quot;:&quot;linear-gradient(277deg,rgb(255,221,64) 97%,rgba(0,0,0,0) 97%)&quot;},&quot;photo&quot;:{&quot;bg&quot;:{&quot;type&quot;:&quot;gradient&quot;,&quot;gradient&quot;:&quot;linear-gradient(274deg,rgb(47,49,58) 70%,rgb(255,221,64) 70%)&quot;},&quot;size&quot;:&quot;100px&quot;,&quot;padding&quot;:{&quot;top&quot;:&quot;8px&quot;,&quot;left&quot;:&quot;8px&quot;,&quot;bottom&quot;:&quot;8px&quot;,&quot;right&quot;:&quot;8px&quot;},&quot;radius&quot;:{&quot;top&quot;:&quot;4px&quot;,&quot;left&quot;:&quot;4px&quot;,&quot;bottom&quot;:&quot;4px&quot;,&quot;right&quot;:&quot;4px&quot;},&quot;grayScale&quot;:1,&quot;evenItemPhotoBg&quot;:{&quot;type&quot;:&quot;gradient&quot;,&quot;gradient&quot;:&quot;linear-gradient(86deg,rgb(47,49,58) 70%,rgb(255,221,64) 70%)&quot;}},&quot;name&quot;:{&quot;colors&quot;:{&quot;color&quot;:&quot;#ffdd40&quot;,&quot;bg&quot;:&quot;#282a31&quot;},&quot;padding&quot;:{&quot;top&quot;:&quot;15px&quot;,&quot;right&quot;:&quot;23px&quot;,&quot;bottom&quot;:&quot;15px&quot;,&quot;left&quot;:&quot;23px&quot;},&quot;radius&quot;:{&quot;top&quot;:&quot;4px&quot;,&quot;right&quot;:&quot;4px&quot;,&quot;bottom&quot;:&quot;4px&quot;,&quot;left&quot;:&quot;4px&quot;},&quot;typo&quot;:{&quot;fontFamily&quot;:&quot;Default&quot;,&quot;fontCategory&quot;:&quot;sans-serif&quot;,&quot;fontWeight&quot;:null,&quot;isUploadFont&quot;:true,&quot;fontSize&quot;:{&quot;desktop&quot;:&quot;20px&quot;,&quot;tablet&quot;:&quot;18px&quot;,&quot;mobile&quot;:&quot;14px&quot;},&quot;fontStyle&quot;:&quot;normal&quot;,&quot;textTransform&quot;:&quot;none&quot;,&quot;textDecoration&quot;:&quot;none&quot;,&quot;lineHeight&quot;:&quot;&quot;,&quot;letterSpace&quot;:&quot;0px&quot;}},&quot;title&quot;:{&quot;colors&quot;:{&quot;color&quot;:&quot;#2f313a&quot;,&quot;bg&quot;:&quot;#ffdd40&quot;},&quot;padding&quot;:{&quot;top&quot;:&quot;6px&quot;,&quot;right&quot;:&quot;12px&quot;,&quot;bottom&quot;:&quot;8px&quot;,&quot;left&quot;:&quot;12px&quot;},&quot;radius&quot;:{&quot;top&quot;:&quot;4px&quot;,&quot;right&quot;:&quot;4px&quot;,&quot;bottom&quot;:&quot;4px&quot;,&quot;left&quot;:&quot;4px&quot;},&quot;typo&quot;:{&quot;fontFamily&quot;:&quot;Default&quot;,&quot;fontCategory&quot;:&quot;sans-serif&quot;,&quot;fontWeight&quot;:600,&quot;isUploadFont&quot;:true,&quot;fontSize&quot;:{&quot;desktop&quot;:&quot;14px&quot;,&quot;tablet&quot;:&quot;14px&quot;,&quot;mobile&quot;:&quot;11px&quot;},&quot;fontStyle&quot;:&quot;normal&quot;,&quot;textTransform&quot;:&quot;none&quot;,&quot;textDecoration&quot;:&quot;none&quot;,&quot;lineHeight&quot;:&quot;&quot;,&quot;letterSpace&quot;:&quot;0px&quot;}},&quot;bio&quot;:{&quot;color&quot;:&quot;black&quot;,&quot;typo&quot;:{&quot;fontFamily&quot;:&quot;Default&quot;,&quot;fontCategory&quot;:&quot;sans-serif&quot;,&quot;fontWeight&quot;:null,&quot;isUploadFont&quot;:true,&quot;fontSize&quot;:{&quot;desktop&quot;:&quot;20px&quot;,&quot;tablet&quot;:&quot;20px&quot;,&quot;mobile&quot;:&quot;14px&quot;},&quot;fontStyle&quot;:&quot;normal&quot;,&quot;textTransform&quot;:&quot;none&quot;,&quot;textDecoration&quot;:&quot;none&quot;,&quot;lineHeight&quot;:&quot;&quot;,&quot;letterSpace&quot;:&quot;0px&quot;}},&quot;userName&quot;:{&quot;colors&quot;:{&quot;color&quot;:&quot;#ffdd40&quot;,&quot;bg&quot;:&quot;#2f313a&quot;},&quot;padding&quot;:{&quot;top&quot;:&quot;2px&quot;,&quot;right&quot;:&quot;8px&quot;,&quot;bottom&quot;:&quot;6px&quot;,&quot;left&quot;:&quot;8px&quot;},&quot;radius&quot;:{&quot;top&quot;:&quot;8px&quot;,&quot;right&quot;:&quot;8px&quot;,&quot;bottom&quot;:&quot;8px&quot;,&quot;left&quot;:&quot;8px&quot;},&quot;typo&quot;:{&quot;fontFamily&quot;:&quot;Default&quot;,&quot;fontCategory&quot;:&quot;sans-serif&quot;,&quot;fontWeight&quot;:null,&quot;isUploadFont&quot;:true,&quot;fontSize&quot;:{&quot;desktop&quot;:&quot;20px&quot;,&quot;tablet&quot;:&quot;20px&quot;,&quot;mobile&quot;:&quot;14px&quot;},&quot;fontStyle&quot;:&quot;normal&quot;,&quot;textTransform&quot;:&quot;none&quot;,&quot;textDecoration&quot;:&quot;none&quot;,&quot;lineHeight&quot;:&quot;&quot;,&quot;letterSpace&quot;:&quot;0px&quot;}}}},&quot;options&quot;:{&quot;showUserName&quot;:true,&quot;hoverOnScale&quot;:true,&quot;isShowWaterMark&quot;:true,&quot;waterMark&quot;:&quot;TEAM&quot;,&quot;isShowShape&quot;:true,&quot;icon&quot;:&quot;&lt;svg xmlns=&#039;http:\\\/\\\/www.w3.org\\\/2000\\\/svg&#039; viewBox=&#039;0 0 512 512&#039;&gt;&lt;path d=&#039;M502.6 278.6c12.5-12.5 12.5-32.8 0-45.3l-128-128c-12.5-12.5-32.8-12.5-45.3 0s-12.5 32.8 0 45.3L402.7 224 32 224c-17.7 0-32 14.3-32 32s14.3 32 32 32l370.7 0-73.4 73.4c-12.5 12.5-12.5 32.8 0 45.3s32.8 12.5 45.3 0l128-128z&#039;\\\/&gt;&lt;\\\/svg&gt;&quot;}}'data-pipecheck=''\r\n><\/div>\n\n\n<h2 class=\"wp-block-heading has-text-align-center\">Autorenteam<\/h2>\n\n\n<div class=\"gb-container gb-container-2dad94f5\">\n<div\r\n    \tclass=\"alignwide wp-block-tsb-team\"    id='tsbTeamMembers-3'\r\n    data-attributes='{&quot;cId&quot;:&quot;560c0644-3&quot;,&quot;members&quot;:[{&quot;background&quot;:{&quot;color&quot;:&quot;#0000&quot;,&quot;type&quot;:&quot;solid&quot;,&quot;gradient&quot;:&quot;linear-gradient(135deg, #4527a4, #8344c5)&quot;,&quot;image&quot;:[],&quot;position&quot;:&quot;center center&quot;,&quot;attachment&quot;:&quot;initial&quot;,&quot;repeat&quot;:&quot;no-repeat&quot;,&quot;size&quot;:&quot;cover&quot;,&quot;overlayColor&quot;:&quot;#000000b3&quot;,&quot;styles&quot;:&quot;background: #0000;&quot;},&quot;border&quot;:{&quot;radius&quot;:&quot;3px&quot;},&quot;shadow&quot;:{&quot;shadow&quot;:[{&quot;hOffset&quot;:&quot;0px&quot;,&quot;vOffset&quot;:&quot;0px&quot;,&quot;blur&quot;:&quot;0px&quot;,&quot;spreed&quot;:&quot;0px&quot;,&quot;color&quot;:&quot;#7090b0&quot;,&quot;isInset&quot;:false}],&quot;styles&quot;:&quot;0px 0px 0px 0px #7090b0&quot;},&quot;photo&quot;:{&quot;id&quot;:22011,&quot;url&quot;:&quot;https:\\\/\\\/www.quartier-waldacker.de\\\/wp-content\\\/uploads\\\/2023\\\/02\\\/Scan_20170224-3-rotated.jpg&quot;,&quot;alt&quot;:&quot;&quot;,&quot;title&quot;:&quot;Scan_20170224 (3)&quot;},&quot;photoBorder&quot;:{&quot;radius&quot;:&quot;50%&quot;},&quot;name&quot;:&quot;Johannes Ohnesorg&quot;,&quot;nameColor&quot;:&quot;#333&quot;,&quot;title&quot;:&quot; Autor&quot;,&quot;titleColor&quot;:&quot;#333&quot;,&quot;separator&quot;:{&quot;width&quot;:&quot;20%&quot;,&quot;height&quot;:&quot;3px&quot;,&quot;style&quot;:&quot;solid&quot;,&quot;color&quot;:&quot;#777&quot;,&quot;styles&quot;:&quot;width: 20%; border-top: 3px solid #777;&quot;},&quot;bio&quot;:&quot;&quot;,&quot;bioColor&quot;:&quot;#333&quot;,&quot;social&quot;:[{&quot;link&quot;:&quot;Mailto:admin@quartier-waldacker.de&quot;,&quot;icon&quot;:{&quot;class&quot;:&quot;fas fa-envelope&quot;,&quot;fontSize&quot;:22,&quot;color&quot;:&quot;#fff&quot;,&quot;styles&quot;:&quot;color: #fff;&quot;,&quot;name&quot;:&quot;envelope&quot;,&quot;colorType&quot;:&quot;solid&quot;,&quot;gradient&quot;:&quot;linear-gradient(135deg, #4527a4, #8344c5)&quot;}}],&quot;socialIconColors&quot;:{&quot;color&quot;:&quot;#fff&quot;,&quot;bg&quot;:&quot;#4527a4&quot;,&quot;bgType&quot;:&quot;solid&quot;,&quot;gradient&quot;:&quot;linear-gradient(135deg, #4527a4, #8344c5)&quot;,&quot;styles&quot;:&quot;color: #fff; background: #4527a4;&quot;}},{&quot;background&quot;:{&quot;color&quot;:&quot;#0000&quot;,&quot;type&quot;:&quot;solid&quot;,&quot;gradient&quot;:&quot;linear-gradient(135deg, #4527a4, #8344c5)&quot;,&quot;image&quot;:[],&quot;position&quot;:&quot;center center&quot;,&quot;attachment&quot;:&quot;initial&quot;,&quot;repeat&quot;:&quot;no-repeat&quot;,&quot;size&quot;:&quot;cover&quot;,&quot;overlayColor&quot;:&quot;#000000b3&quot;,&quot;styles&quot;:&quot;background: #0000;&quot;},&quot;border&quot;:{&quot;radius&quot;:&quot;3px&quot;},&quot;shadow&quot;:{&quot;shadow&quot;:[{&quot;hOffset&quot;:&quot;0px&quot;,&quot;vOffset&quot;:&quot;0px&quot;,&quot;blur&quot;:&quot;0px&quot;,&quot;spreed&quot;:&quot;0px&quot;,&quot;color&quot;:&quot;#7090b0&quot;,&quot;isInset&quot;:false}],&quot;styles&quot;:&quot;0px 0px 0px 0px #7090b0&quot;},&quot;photo&quot;:{&quot;id&quot;:22292,&quot;url&quot;:&quot;https:\\\/\\\/www.quartier-waldacker.de\\\/wp-content\\\/uploads\\\/2023\\\/03\\\/BB.jpg&quot;,&quot;alt&quot;:&quot;&quot;,&quot;title&quot;:&quot;BB&quot;},&quot;photoBorder&quot;:{&quot;radius&quot;:&quot;50%&quot;},&quot;name&quot;:&quot;Bodo Berger&quot;,&quot;nameColor&quot;:&quot;#333&quot;,&quot;title&quot;:&quot;Autor + Adminstrator:&lt;br&gt;Facebook&quot;,&quot;titleColor&quot;:&quot;#333&quot;,&quot;separator&quot;:{&quot;width&quot;:&quot;20%&quot;,&quot;height&quot;:&quot;3px&quot;,&quot;color&quot;:&quot;#777&quot;,&quot;style&quot;:&quot;solid&quot;,&quot;styles&quot;:&quot;width: 20%; border-top: 3px solid #777;&quot;},&quot;bio&quot;:&quot;&quot;,&quot;bioColor&quot;:&quot;#333&quot;,&quot;social&quot;:[{&quot;link&quot;:&quot;https:\\\/\\\/www.facebook.com\\\/groups\\\/585915016950290&quot;,&quot;icon&quot;:{&quot;class&quot;:&quot;fab fa-facebook-f&quot;,&quot;fontSize&quot;:22,&quot;color&quot;:&quot;#fff&quot;}},{&quot;link&quot;:&quot;Mailto:bodo@quartier-waldacker.de&quot;,&quot;icon&quot;:{&quot;class&quot;:&quot;fa-regular fa-envelope&quot;}}],&quot;socialIconColors&quot;:{&quot;type&quot;:&quot;object&quot;,&quot;default&quot;:{&quot;color&quot;:&quot;#fff&quot;,&quot;bg&quot;:&quot;#4527a4&quot;},&quot;color&quot;:&quot;#fff&quot;,&quot;bgType&quot;:&quot;solid&quot;,&quot;bg&quot;:&quot;#4527a4&quot;,&quot;gradient&quot;:&quot;linear-gradient(135deg, #4527a4, #8344c5)&quot;,&quot;styles&quot;:&quot;color: #fff; background: #4527a4;&quot;}}],&quot;columns&quot;:{&quot;desktop&quot;:2,&quot;tablet&quot;:2,&quot;mobile&quot;:1},&quot;padding&quot;:{&quot;vertical&quot;:&quot;50px&quot;,&quot;horizontal&quot;:&quot;20px&quot;,&quot;side&quot;:2,&quot;top&quot;:&quot;0px&quot;,&quot;right&quot;:&quot;0px&quot;,&quot;bottom&quot;:&quot;0px&quot;,&quot;left&quot;:&quot;0px&quot;,&quot;styles&quot;:&quot;50px 20px&quot;},&quot;photoMargin&quot;:{&quot;bottom&quot;:&quot;0px&quot;,&quot;side&quot;:2,&quot;vertical&quot;:&quot;0px&quot;,&quot;horizontal&quot;:&quot;0px&quot;,&quot;top&quot;:&quot;0px&quot;,&quot;right&quot;:&quot;0px&quot;,&quot;left&quot;:&quot;0px&quot;,&quot;styles&quot;:&quot;0px 0px&quot;},&quot;nameTypo&quot;:{&quot;fontSize&quot;:20,&quot;fontWeight&quot;:600,&quot;styles&quot;:&quot;font-weight: 600; font-size: 20px; line-height: 135%;&quot;,&quot;googleFontLink&quot;:&quot;&quot;,&quot;textTransform&quot;:&quot;none&quot;},&quot;nameMargin&quot;:{&quot;bottom&quot;:&quot;5px&quot;,&quot;side&quot;:4,&quot;vertical&quot;:&quot;5px&quot;,&quot;horizontal&quot;:&quot;0px&quot;,&quot;top&quot;:&quot;5px&quot;,&quot;right&quot;:&quot;0px&quot;,&quot;left&quot;:&quot;0px&quot;,&quot;styles&quot;:&quot;5px 0px 5px 0px&quot;},&quot;titleTypo&quot;:{&quot;fontSize&quot;:16,&quot;textTransform&quot;:&quot;none&quot;,&quot;styles&quot;:&quot;font-size: 16px; line-height: 135%;&quot;,&quot;googleFontLink&quot;:&quot;&quot;},&quot;titleMargin&quot;:{&quot;bottom&quot;:&quot;10px&quot;,&quot;side&quot;:4,&quot;vertical&quot;:&quot;0px&quot;,&quot;horizontal&quot;:&quot;0px&quot;,&quot;top&quot;:&quot;0px&quot;,&quot;right&quot;:&quot;0px&quot;,&quot;left&quot;:&quot;0px&quot;,&quot;styles&quot;:&quot;0px 0px 10px 0px&quot;},&quot;sepMargin&quot;:{&quot;bottom&quot;:&quot;15px&quot;,&quot;side&quot;:4,&quot;vertical&quot;:&quot;0px&quot;,&quot;horizontal&quot;:&quot;0px&quot;,&quot;top&quot;:&quot;0px&quot;,&quot;right&quot;:&quot;0px&quot;,&quot;left&quot;:&quot;0px&quot;,&quot;styles&quot;:&quot;0px 0px 15px 0px&quot;},&quot;bioTypo&quot;:{&quot;fontSize&quot;:15,&quot;styles&quot;:&quot;font-size: 15px; line-height: 135%;&quot;,&quot;googleFontLink&quot;:&quot;&quot;},&quot;bioMargin&quot;:{&quot;bottom&quot;:&quot;15px&quot;,&quot;side&quot;:4,&quot;vertical&quot;:&quot;0px&quot;,&quot;horizontal&quot;:&quot;0px&quot;,&quot;top&quot;:&quot;0px&quot;,&quot;right&quot;:&quot;0px&quot;,&quot;left&quot;:&quot;0px&quot;,&quot;styles&quot;:&quot;0px 0px 15px 0px&quot;},&quot;socialIconMargin&quot;:{&quot;side&quot;:2,&quot;vertical&quot;:&quot;10px&quot;,&quot;horizontal&quot;:&quot;10px&quot;,&quot;top&quot;:&quot;0px&quot;,&quot;right&quot;:&quot;0px&quot;,&quot;bottom&quot;:&quot;0px&quot;,&quot;left&quot;:&quot;0px&quot;,&quot;styles&quot;:&quot;10px 10px&quot;},&quot;align&quot;:&quot;wide&quot;,&quot;columnGap&quot;:&quot;30px&quot;,&quot;rowGap&quot;:&quot;30px&quot;,&quot;layout&quot;:&quot;vertical&quot;,&quot;theme&quot;:&quot;default&quot;,&quot;isLinkNewTab&quot;:false,&quot;textAlign&quot;:&quot;center&quot;,&quot;photoWidth&quot;:&quot;170px&quot;,&quot;isTitle&quot;:true,&quot;isSep&quot;:true,&quot;isBio&quot;:true,&quot;isSocial&quot;:true,&quot;socialSize&quot;:&quot;22px&quot;,&quot;styles&quot;:{&quot;bg&quot;:[],&quot;width&quot;:&quot;100%&quot;,&quot;alignment&quot;:&quot;center&quot;,&quot;padding&quot;:{&quot;top&quot;:&quot;0px&quot;,&quot;right&quot;:&quot;0px&quot;,&quot;bottom&quot;:&quot;0px&quot;,&quot;left&quot;:&quot;0px&quot;},&quot;margin&quot;:{&quot;top&quot;:&quot;0px&quot;,&quot;right&quot;:&quot;0px&quot;,&quot;bottom&quot;:&quot;0px&quot;,&quot;left&quot;:&quot;0px&quot;},&quot;teamMember&quot;:{&quot;height&quot;:{&quot;desktop&quot;:&quot;100%&quot;,&quot;tablet&quot;:&quot;100%&quot;,&quot;mobile&quot;:&quot;300px&quot;},&quot;padding&quot;:{&quot;top&quot;:&quot;11px&quot;,&quot;left&quot;:&quot;11px&quot;,&quot;bottom&quot;:&quot;11px&quot;,&quot;right&quot;:&quot;11px&quot;},&quot;shape&quot;:{&quot;bg&quot;:{&quot;type&quot;:&quot;gradient&quot;,&quot;gradient&quot;:&quot;&quot;}},&quot;bg&quot;:{&quot;type&quot;:&quot;gradient&quot;,&quot;gradient&quot;:&quot;linear-gradient(83deg,rgb(255,221,64) 97%,rgba(0,0,0,0) 97%)&quot;},&quot;evenItemBg&quot;:{&quot;type&quot;:&quot;gradient&quot;,&quot;gradient&quot;:&quot;linear-gradient(277deg,rgb(255,221,64) 97%,rgba(0,0,0,0) 97%)&quot;},&quot;photo&quot;:{&quot;bg&quot;:{&quot;type&quot;:&quot;gradient&quot;,&quot;gradient&quot;:&quot;linear-gradient(274deg,rgb(47,49,58) 70%,rgb(255,221,64) 70%)&quot;},&quot;size&quot;:&quot;100px&quot;,&quot;padding&quot;:{&quot;top&quot;:&quot;8px&quot;,&quot;left&quot;:&quot;8px&quot;,&quot;bottom&quot;:&quot;8px&quot;,&quot;right&quot;:&quot;8px&quot;},&quot;radius&quot;:{&quot;top&quot;:&quot;4px&quot;,&quot;left&quot;:&quot;4px&quot;,&quot;bottom&quot;:&quot;4px&quot;,&quot;right&quot;:&quot;4px&quot;},&quot;grayScale&quot;:1,&quot;evenItemPhotoBg&quot;:{&quot;type&quot;:&quot;gradient&quot;,&quot;gradient&quot;:&quot;linear-gradient(86deg,rgb(47,49,58) 70%,rgb(255,221,64) 70%)&quot;}},&quot;name&quot;:{&quot;colors&quot;:{&quot;color&quot;:&quot;#ffdd40&quot;,&quot;bg&quot;:&quot;#282a31&quot;},&quot;padding&quot;:{&quot;top&quot;:&quot;15px&quot;,&quot;right&quot;:&quot;23px&quot;,&quot;bottom&quot;:&quot;15px&quot;,&quot;left&quot;:&quot;23px&quot;},&quot;radius&quot;:{&quot;top&quot;:&quot;4px&quot;,&quot;right&quot;:&quot;4px&quot;,&quot;bottom&quot;:&quot;4px&quot;,&quot;left&quot;:&quot;4px&quot;},&quot;typo&quot;:{&quot;fontFamily&quot;:&quot;Default&quot;,&quot;fontCategory&quot;:&quot;sans-serif&quot;,&quot;fontWeight&quot;:null,&quot;isUploadFont&quot;:true,&quot;fontSize&quot;:{&quot;desktop&quot;:&quot;20px&quot;,&quot;tablet&quot;:&quot;18px&quot;,&quot;mobile&quot;:&quot;14px&quot;},&quot;fontStyle&quot;:&quot;normal&quot;,&quot;textTransform&quot;:&quot;none&quot;,&quot;textDecoration&quot;:&quot;none&quot;,&quot;lineHeight&quot;:&quot;&quot;,&quot;letterSpace&quot;:&quot;0px&quot;}},&quot;title&quot;:{&quot;colors&quot;:{&quot;color&quot;:&quot;#2f313a&quot;,&quot;bg&quot;:&quot;#ffdd40&quot;},&quot;padding&quot;:{&quot;top&quot;:&quot;6px&quot;,&quot;right&quot;:&quot;12px&quot;,&quot;bottom&quot;:&quot;8px&quot;,&quot;left&quot;:&quot;12px&quot;},&quot;radius&quot;:{&quot;top&quot;:&quot;4px&quot;,&quot;right&quot;:&quot;4px&quot;,&quot;bottom&quot;:&quot;4px&quot;,&quot;left&quot;:&quot;4px&quot;},&quot;typo&quot;:{&quot;fontFamily&quot;:&quot;Default&quot;,&quot;fontCategory&quot;:&quot;sans-serif&quot;,&quot;fontWeight&quot;:600,&quot;isUploadFont&quot;:true,&quot;fontSize&quot;:{&quot;desktop&quot;:&quot;14px&quot;,&quot;tablet&quot;:&quot;14px&quot;,&quot;mobile&quot;:&quot;11px&quot;},&quot;fontStyle&quot;:&quot;normal&quot;,&quot;textTransform&quot;:&quot;none&quot;,&quot;textDecoration&quot;:&quot;none&quot;,&quot;lineHeight&quot;:&quot;&quot;,&quot;letterSpace&quot;:&quot;0px&quot;}},&quot;bio&quot;:{&quot;color&quot;:&quot;black&quot;,&quot;typo&quot;:{&quot;fontFamily&quot;:&quot;Default&quot;,&quot;fontCategory&quot;:&quot;sans-serif&quot;,&quot;fontWeight&quot;:null,&quot;isUploadFont&quot;:true,&quot;fontSize&quot;:{&quot;desktop&quot;:&quot;20px&quot;,&quot;tablet&quot;:&quot;20px&quot;,&quot;mobile&quot;:&quot;14px&quot;},&quot;fontStyle&quot;:&quot;normal&quot;,&quot;textTransform&quot;:&quot;none&quot;,&quot;textDecoration&quot;:&quot;none&quot;,&quot;lineHeight&quot;:&quot;&quot;,&quot;letterSpace&quot;:&quot;0px&quot;}},&quot;userName&quot;:{&quot;colors&quot;:{&quot;color&quot;:&quot;#ffdd40&quot;,&quot;bg&quot;:&quot;#2f313a&quot;},&quot;padding&quot;:{&quot;top&quot;:&quot;2px&quot;,&quot;right&quot;:&quot;8px&quot;,&quot;bottom&quot;:&quot;6px&quot;,&quot;left&quot;:&quot;8px&quot;},&quot;radius&quot;:{&quot;top&quot;:&quot;8px&quot;,&quot;right&quot;:&quot;8px&quot;,&quot;bottom&quot;:&quot;8px&quot;,&quot;left&quot;:&quot;8px&quot;},&quot;typo&quot;:{&quot;fontFamily&quot;:&quot;Default&quot;,&quot;fontCategory&quot;:&quot;sans-serif&quot;,&quot;fontWeight&quot;:null,&quot;isUploadFont&quot;:true,&quot;fontSize&quot;:{&quot;desktop&quot;:&quot;20px&quot;,&quot;tablet&quot;:&quot;20px&quot;,&quot;mobile&quot;:&quot;14px&quot;},&quot;fontStyle&quot;:&quot;normal&quot;,&quot;textTransform&quot;:&quot;none&quot;,&quot;textDecoration&quot;:&quot;none&quot;,&quot;lineHeight&quot;:&quot;&quot;,&quot;letterSpace&quot;:&quot;0px&quot;}}}},&quot;options&quot;:{&quot;showUserName&quot;:true,&quot;hoverOnScale&quot;:true,&quot;isShowWaterMark&quot;:true,&quot;waterMark&quot;:&quot;TEAM&quot;,&quot;isShowShape&quot;:true,&quot;icon&quot;:&quot;&lt;svg xmlns=&#039;http:\\\/\\\/www.w3.org\\\/2000\\\/svg&#039; viewBox=&#039;0 0 512 512&#039;&gt;&lt;path d=&#039;M502.6 278.6c12.5-12.5 12.5-32.8 0-45.3l-128-128c-12.5-12.5-32.8-12.5-45.3 0s-12.5 32.8 0 45.3L402.7 224 32 224c-17.7 0-32 14.3-32 32s14.3 32 32 32l370.7 0-73.4 73.4c-12.5 12.5-12.5 32.8 0 45.3s32.8 12.5 45.3 0l128-128z&#039;\\\/&gt;&lt;\\\/svg&gt;&quot;}}'data-pipecheck=''\r\n><\/div>\n<\/div>\n\n","protected":false},"excerpt":{"rendered":"<p>&nbsp; &nbsp; Warum eine Homepage? Mit einer Homepage ist man im Internet sichtbar und kann sich als Gruppe pr\u00e4sentieren. Das Internet ist f\u00fcr die meisten Menschen eine Selbstverst\u00e4ndlichkeit. Wer heute sucht, googelt! Was wollen wir? Auf unserer Homepage, unserer digitalen Zeitung, Visitenkarte und Ideenplattform, informieren wir alle schnell, kosteng\u00fcnstig und rund um die Uhr! Hier &#8230; <a title=\"AG &#8211; Homepage\" class=\"read-more\" href=\"https:\/\/www.quartier-waldacker.de\/?p=13368\" aria-label=\"Mehr Informationen \u00fcber AG &#8211; Homepage\">Weiterlesen<\/a><\/p>\n","protected":false},"author":1,"featured_media":13370,"comment_status":"open","ping_status":"open","sticky":false,"template":"","format":"standard","meta":{"generate_page_header":"","_jetpack_newsletter_access":"","_jetpack_dont_email_post_to_subs":false,"_jetpack_newsletter_tier_id":0,"_jetpack_memberships_contains_paywalled_content":false,"_jetpack_feature_clip_id":0,"_jetpack_memberships_contains_paid_content":false,"footnotes":"","jetpack_post_was_ever_published":false},"categories":[196,7],"tags":[213],"class_list":["post-13368","post","type-post","status-publish","format-standard","has-post-thumbnail","hentry","category-arbeitsgruppen","category-homepage","tag-internetpraesenz"],"jetpack-related-posts":[{"id":10788,"url":"https:\/\/www.quartier-waldacker.de\/?p=10788","url_meta":{"origin":13368,"position":0},"title":"Waldackerer-Abfallkalender 2017 ist da.","author":"Johannes","date":"24. Dezember 2016","format":false,"excerpt":"Die Quartiersgruppe stellt auch dieses Jahr ihren Mitb\u00fcrgern den speziellen nur f\u00fcr Waldacker erstellten Abfallkalender 2017 zum Runterladen hier auf der Homepage zur Verf\u00fcgung. F\u00fcr alle die kein Internet haben liegt ab dem 10. Januar im B\u00fcrgertreff eine begrenzte Menge zum Mitnehmen bereit. \u00a0 Zu runterladen bitte hier klicken oder\u2026","rel":"","context":"In &quot;Service&quot;","block_context":{"text":"Service","link":"https:\/\/www.quartier-waldacker.de\/?cat=173"},"img":{"alt_text":"","src":"https:\/\/i0.wp.com\/www.quartier-waldacker.de\/wp-content\/uploads\/2016\/12\/Abfallkalender_Header.jpg?fit=1200%2C252&ssl=1&resize=350%2C200","width":350,"height":200,"srcset":"https:\/\/i0.wp.com\/www.quartier-waldacker.de\/wp-content\/uploads\/2016\/12\/Abfallkalender_Header.jpg?fit=1200%2C252&ssl=1&resize=350%2C200 1x, https:\/\/i0.wp.com\/www.quartier-waldacker.de\/wp-content\/uploads\/2016\/12\/Abfallkalender_Header.jpg?fit=1200%2C252&ssl=1&resize=525%2C300 1.5x, https:\/\/i0.wp.com\/www.quartier-waldacker.de\/wp-content\/uploads\/2016\/12\/Abfallkalender_Header.jpg?fit=1200%2C252&ssl=1&resize=700%2C400 2x, https:\/\/i0.wp.com\/www.quartier-waldacker.de\/wp-content\/uploads\/2016\/12\/Abfallkalender_Header.jpg?fit=1200%2C252&ssl=1&resize=1050%2C600 3x"},"classes":[]},{"id":13711,"url":"https:\/\/www.quartier-waldacker.de\/?p=13711","url_meta":{"origin":13368,"position":1},"title":"AG &#8211; \u00d6ffentlicher Nahverkehr in Waldacker","author":"admin","date":"26. Juni 2017","format":false,"excerpt":"Seitdem die Stadt R\u00f6dermark im Jahre 2014 den Druck der Fahrpl\u00e4ne f\u00fcr R\u00f6dermark aus Kostengr\u00fcnden eingestellt hat, k\u00fcmmert sich unser Verkehrsexperte und RMV MobiPartner Theo Frie\u00df explizit um die Nachverkehrsproblematik in Waldacker. J\u00e4hrlich erarbeitet Theo Frie\u00df f\u00fcr Waldacker aus dem gesamten OF-Fahrplan der Kreisverkehrsgesellschaft (KVG) Offenbach spezielle Fahrpl\u00e4ne ausschlie\u00dflich f\u00fcr\u2026","rel":"","context":"In &quot;Arbeitsgruppen&quot;","block_context":{"text":"Arbeitsgruppen","link":"https:\/\/www.quartier-waldacker.de\/?cat=196"},"img":{"alt_text":"","src":"https:\/\/i0.wp.com\/www.quartier-waldacker.de\/wp-content\/uploads\/2017\/06\/oeffentlicher-verkehr1.jpg?fit=1200%2C281&ssl=1&resize=350%2C200","width":350,"height":200,"srcset":"https:\/\/i0.wp.com\/www.quartier-waldacker.de\/wp-content\/uploads\/2017\/06\/oeffentlicher-verkehr1.jpg?fit=1200%2C281&ssl=1&resize=350%2C200 1x, https:\/\/i0.wp.com\/www.quartier-waldacker.de\/wp-content\/uploads\/2017\/06\/oeffentlicher-verkehr1.jpg?fit=1200%2C281&ssl=1&resize=525%2C300 1.5x, https:\/\/i0.wp.com\/www.quartier-waldacker.de\/wp-content\/uploads\/2017\/06\/oeffentlicher-verkehr1.jpg?fit=1200%2C281&ssl=1&resize=700%2C400 2x, https:\/\/i0.wp.com\/www.quartier-waldacker.de\/wp-content\/uploads\/2017\/06\/oeffentlicher-verkehr1.jpg?fit=1200%2C281&ssl=1&resize=1050%2C600 3x"},"classes":[]},{"id":21284,"url":"https:\/\/www.quartier-waldacker.de\/?p=21284","url_meta":{"origin":13368,"position":2},"title":"Fit ins neue Jahr starten! &#8211; Einladung zum &#8220;Schnuppertraining&#8221;","author":"admin","date":"9. Januar 2023","format":false,"excerpt":"Ein Beitrag von Ute Schmidt Die Quartiersgruppe in Waldacker bietet ab Freitag, den 20. Januar f\u00fcr sportlich Interessierte ihre regelm\u00e4\u00dfige Walking-Runde an. Die Walker treffen sich freitags um 10 Uhr am B\u00fcrgertreff Waldacker in der Goethestra\u00dfe 39. Die Laufstrecke beginnt und endet dort. Sie betr\u00e4gt ca. 5 km und wird\u2026","rel":"","context":"In &quot;Nordic Walking&quot;","block_context":{"text":"Nordic Walking","link":"https:\/\/www.quartier-waldacker.de\/?cat=41"},"img":{"alt_text":"","src":"https:\/\/i0.wp.com\/www.quartier-waldacker.de\/wp-content\/uploads\/2016\/12\/Nordic-walking.jpg?fit=1200%2C252&ssl=1&resize=350%2C200","width":350,"height":200,"srcset":"https:\/\/i0.wp.com\/www.quartier-waldacker.de\/wp-content\/uploads\/2016\/12\/Nordic-walking.jpg?fit=1200%2C252&ssl=1&resize=350%2C200 1x, https:\/\/i0.wp.com\/www.quartier-waldacker.de\/wp-content\/uploads\/2016\/12\/Nordic-walking.jpg?fit=1200%2C252&ssl=1&resize=525%2C300 1.5x, https:\/\/i0.wp.com\/www.quartier-waldacker.de\/wp-content\/uploads\/2016\/12\/Nordic-walking.jpg?fit=1200%2C252&ssl=1&resize=700%2C400 2x, https:\/\/i0.wp.com\/www.quartier-waldacker.de\/wp-content\/uploads\/2016\/12\/Nordic-walking.jpg?fit=1200%2C252&ssl=1&resize=1050%2C600 3x"},"classes":[]},{"id":13451,"url":"https:\/\/www.quartier-waldacker.de\/?p=13451","url_meta":{"origin":13368,"position":3},"title":"Fremdschaden an Wildblumenwiese","author":"admin","date":"12. Juni 2017","format":false,"excerpt":"l Gesehen und notiert von Klaus H. Hutmann Die von der AG Gr\u00fcn der Quartiersgruppe Waldacker mit gro\u00dfem Einsatz kultivierte 400 qm gro\u00dfe Willdblumenwiese auf der Schotterfl\u00e4che zwischen der B459 und dem Wirtschaftsweg, der an der Stra\u00dfe \"Am Buchrain endet, ist k\u00fcrzlich in einem ca. 40 qm messenden Teilbereich einem\u2026","rel":"","context":"In &quot;AG-Gr\u00fcn&quot;","block_context":{"text":"AG-Gr\u00fcn","link":"https:\/\/www.quartier-waldacker.de\/?cat=188"},"img":{"alt_text":"","src":"https:\/\/i0.wp.com\/www.quartier-waldacker.de\/wp-content\/uploads\/2016\/12\/Headere-Blickpunkt_bearbeitet-1.jpg?fit=1200%2C281&ssl=1&resize=350%2C200","width":350,"height":200,"srcset":"https:\/\/i0.wp.com\/www.quartier-waldacker.de\/wp-content\/uploads\/2016\/12\/Headere-Blickpunkt_bearbeitet-1.jpg?fit=1200%2C281&ssl=1&resize=350%2C200 1x, https:\/\/i0.wp.com\/www.quartier-waldacker.de\/wp-content\/uploads\/2016\/12\/Headere-Blickpunkt_bearbeitet-1.jpg?fit=1200%2C281&ssl=1&resize=525%2C300 1.5x, https:\/\/i0.wp.com\/www.quartier-waldacker.de\/wp-content\/uploads\/2016\/12\/Headere-Blickpunkt_bearbeitet-1.jpg?fit=1200%2C281&ssl=1&resize=700%2C400 2x, https:\/\/i0.wp.com\/www.quartier-waldacker.de\/wp-content\/uploads\/2016\/12\/Headere-Blickpunkt_bearbeitet-1.jpg?fit=1200%2C281&ssl=1&resize=1050%2C600 3x"},"classes":[]},{"id":20316,"url":"https:\/\/www.quartier-waldacker.de\/?p=20316","url_meta":{"origin":13368,"position":4},"title":"Radeln f\u00fcr das Klima &#8211; Stadtradeln 2021","author":"admin","date":"18. Juli 2021","format":"image","excerpt":"Die Radgruppe Quartier-Waldacker hat auch dieses Jahr wieder am \u00fcberregionalen Stadtradeln vom 6. bis 19. Juni teilgenommen und belegte mit 19 Teilnehmern den 5. Platz. Gefahren wurden insgesamt 7694 km. Im Schnitt ist jeder 405 km geradelt. Die meisten Kilometer im Team hat unser Kollege und Radfreund aus Offenthal Horst\u2026","rel":"","context":"In &quot;AG-Radfahren&quot;","block_context":{"text":"AG-Radfahren","link":"https:\/\/www.quartier-waldacker.de\/?cat=202"},"img":{"alt_text":"","src":"https:\/\/i0.wp.com\/www.quartier-waldacker.de\/wp-content\/uploads\/2021\/07\/RadHead_neu.jpg?fit=1200%2C281&ssl=1&resize=350%2C200","width":350,"height":200,"srcset":"https:\/\/i0.wp.com\/www.quartier-waldacker.de\/wp-content\/uploads\/2021\/07\/RadHead_neu.jpg?fit=1200%2C281&ssl=1&resize=350%2C200 1x, https:\/\/i0.wp.com\/www.quartier-waldacker.de\/wp-content\/uploads\/2021\/07\/RadHead_neu.jpg?fit=1200%2C281&ssl=1&resize=525%2C300 1.5x, https:\/\/i0.wp.com\/www.quartier-waldacker.de\/wp-content\/uploads\/2021\/07\/RadHead_neu.jpg?fit=1200%2C281&ssl=1&resize=700%2C400 2x, https:\/\/i0.wp.com\/www.quartier-waldacker.de\/wp-content\/uploads\/2021\/07\/RadHead_neu.jpg?fit=1200%2C281&ssl=1&resize=1050%2C600 3x"},"classes":[]},{"id":24247,"url":"https:\/\/www.quartier-waldacker.de\/?p=24247","url_meta":{"origin":13368,"position":5},"title":"Die Boulsaison 2024 kann beginnen!","author":"Johannes","date":"4. Mai 2024","format":false,"excerpt":"F\u00fcnf flei\u00dfige Helfer aus dem Quartier haben am Freitag die Boulebahn auf dem Mehrgenerationenspielplatz \"Am Lerchenberg\" aus dem Winterschlaf geholt. So k\u00f6nnte am kommenden Freitag bei sch\u00f6nem Wetter die ersten Kugeln ins Rollen gebracht werden. Gespielt wird nach den Waldackerer Spielregeln. Mitspielerinnen und Mitspieler sind willkommen! Mitzubringen sind, wenn vorhanden,\u2026","rel":"","context":"Similar post","block_context":{"text":"Similar post","link":""},"img":{"alt_text":"","src":"https:\/\/i0.wp.com\/www.quartier-waldacker.de\/wp-content\/uploads\/2022\/08\/Unbenannt-3.jpg?fit=1200%2C288&ssl=1&resize=350%2C200","width":350,"height":200,"srcset":"https:\/\/i0.wp.com\/www.quartier-waldacker.de\/wp-content\/uploads\/2022\/08\/Unbenannt-3.jpg?fit=1200%2C288&ssl=1&resize=350%2C200 1x, https:\/\/i0.wp.com\/www.quartier-waldacker.de\/wp-content\/uploads\/2022\/08\/Unbenannt-3.jpg?fit=1200%2C288&ssl=1&resize=525%2C300 1.5x, https:\/\/i0.wp.com\/www.quartier-waldacker.de\/wp-content\/uploads\/2022\/08\/Unbenannt-3.jpg?fit=1200%2C288&ssl=1&resize=700%2C400 2x, https:\/\/i0.wp.com\/www.quartier-waldacker.de\/wp-content\/uploads\/2022\/08\/Unbenannt-3.jpg?fit=1200%2C288&ssl=1&resize=1050%2C600 3x"},"classes":[]}],"jetpack_sharing_enabled":true,"jetpack_featured_media_url":"https:\/\/i0.wp.com\/www.quartier-waldacker.de\/wp-content\/uploads\/2017\/06\/Kopfbild-Worte_900_200.jpg?fit=900%2C200&ssl=1","rttpg_featured_image_url":{"full":["https:\/\/i0.wp.com\/www.quartier-waldacker.de\/wp-content\/uploads\/2017\/06\/Kopfbild-Worte_900_200.jpg?fit=900%2C200&ssl=1",900,200,false],"landscape":["https:\/\/www.quartier-waldacker.de\/wp-content\/uploads\/2017\/06\/Kopfbild-Worte_900_200.jpg",900,200,false],"portraits":["https:\/\/www.quartier-waldacker.de\/wp-content\/uploads\/2017\/06\/Kopfbild-Worte_900_200.jpg",900,200,false],"thumbnail":["https:\/\/i0.wp.com\/www.quartier-waldacker.de\/wp-content\/uploads\/2017\/06\/Kopfbild-Worte_900_200.jpg?resize=150%2C150&ssl=1",150,150,true],"medium":["https:\/\/i0.wp.com\/www.quartier-waldacker.de\/wp-content\/uploads\/2017\/06\/Kopfbild-Worte_900_200.jpg?fit=300%2C67&ssl=1",300,67,true],"large":["https:\/\/i0.wp.com\/www.quartier-waldacker.de\/wp-content\/uploads\/2017\/06\/Kopfbild-Worte_900_200.jpg?fit=900%2C200&ssl=1",900,200,true],"1536x1536":["https:\/\/i0.wp.com\/www.quartier-waldacker.de\/wp-content\/uploads\/2017\/06\/Kopfbild-Worte_900_200.jpg?fit=900%2C200&ssl=1",900,200,true],"2048x2048":["https:\/\/i0.wp.com\/www.quartier-waldacker.de\/wp-content\/uploads\/2017\/06\/Kopfbild-Worte_900_200.jpg?fit=900%2C200&ssl=1",900,200,true]},"rttpg_author":{"display_name":"admin","author_link":"https:\/\/www.quartier-waldacker.de\/?author=1"},"rttpg_comment":0,"rttpg_category":"<a href=\"https:\/\/www.quartier-waldacker.de\/?cat=196\" rel=\"category\">Arbeitsgruppen<\/a> <a href=\"https:\/\/www.quartier-waldacker.de\/?cat=7\" rel=\"category\">Homepage<\/a>","rttpg_excerpt":"&nbsp; &nbsp; Warum eine Homepage? Mit einer Homepage ist man im Internet sichtbar und kann sich als Gruppe pr\u00e4sentieren. Das Internet ist f\u00fcr die meisten Menschen eine Selbstverst\u00e4ndlichkeit. Wer heute sucht, googelt! Was wollen wir? Auf unserer Homepage, unserer digitalen Zeitung, Visitenkarte und Ideenplattform, informieren wir alle schnell, kosteng\u00fcnstig und rund um die Uhr! Hier&hellip;","_links":{"self":[{"href":"https:\/\/www.quartier-waldacker.de\/index.php?rest_route=\/wp\/v2\/posts\/13368","targetHints":{"allow":["GET"]}}],"collection":[{"href":"https:\/\/www.quartier-waldacker.de\/index.php?rest_route=\/wp\/v2\/posts"}],"about":[{"href":"https:\/\/www.quartier-waldacker.de\/index.php?rest_route=\/wp\/v2\/types\/post"}],"author":[{"embeddable":true,"href":"https:\/\/www.quartier-waldacker.de\/index.php?rest_route=\/wp\/v2\/users\/1"}],"replies":[{"embeddable":true,"href":"https:\/\/www.quartier-waldacker.de\/index.php?rest_route=%2Fwp%2Fv2%2Fcomments&post=13368"}],"version-history":[{"count":0,"href":"https:\/\/www.quartier-waldacker.de\/index.php?rest_route=\/wp\/v2\/posts\/13368\/revisions"}],"wp:featuredmedia":[{"embeddable":true,"href":"https:\/\/www.quartier-waldacker.de\/index.php?rest_route=\/wp\/v2\/media\/13370"}],"wp:attachment":[{"href":"https:\/\/www.quartier-waldacker.de\/index.php?rest_route=%2Fwp%2Fv2%2Fmedia&parent=13368"}],"wp:term":[{"taxonomy":"category","embeddable":true,"href":"https:\/\/www.quartier-waldacker.de\/index.php?rest_route=%2Fwp%2Fv2%2Fcategories&post=13368"},{"taxonomy":"post_tag","embeddable":true,"href":"https:\/\/www.quartier-waldacker.de\/index.php?rest_route=%2Fwp%2Fv2%2Ftags&post=13368"}],"curies":[{"name":"wp","href":"https:\/\/api.w.org\/{rel}","templated":true}]}}