{"id":12773,"date":"2017-04-22T15:42:21","date_gmt":"2017-04-22T13:42:21","guid":{"rendered":"https:\/\/www.quartier-waldacker.de\/?p=12773"},"modified":"2023-02-02T15:49:06","modified_gmt":"2023-02-02T14:49:06","slug":"gross-umstadt-zum-osterbrunnen-auf-dem-historischen-marktplatz","status":"publish","type":"post","link":"https:\/\/www.quartier-waldacker.de\/?p=12773","title":{"rendered":"Radtour &#8211; Gro\u00df-Umstadt zum Osterbrunnen auf dem historischen Marktplatz (47 km)"},"content":{"rendered":"<div id=\"pl-12773\"  class=\"panel-layout\" >\n<div id=\"pg-12773-0\"  class=\"panel-grid panel-no-style\" >\n<div id=\"pgc-12773-0-0\"  class=\"panel-grid-cell\"  data-weight=\"1\" >\n<div id=\"panel-12773-0-0-0\" class=\"so-panel widget widget_sow-image panel-first-child\" data-index=\"0\" data-style=\"{&quot;background_display&quot;:&quot;tile&quot;,&quot;iw-visible-screen&quot;:&quot;iw-all&quot;,&quot;iw-visible-layout&quot;:&quot;iw-all&quot;}\" >[siteorigin_widget class=&#8221;SiteOrigin_Widget_Image_Widget&#8221;]<input type=\"hidden\" value=\"{&quot;instance&quot;:{&quot;image&quot;:12782,&quot;image_fallback&quot;:&quot;&quot;,&quot;size&quot;:&quot;full&quot;,&quot;align&quot;:&quot;default&quot;,&quot;title&quot;:&quot;&quot;,&quot;title_position&quot;:&quot;hidden&quot;,&quot;alt&quot;:&quot;&quot;,&quot;url&quot;:&quot;&quot;,&quot;bound&quot;:true,&quot;_sow_form_id&quot;:&quot;58fb2dc2cd535&quot;,&quot;new_window&quot;:false,&quot;full_width&quot;:false},&quot;args&quot;:{&quot;before_widget&quot;:&quot;&lt;div id=\\&quot;panel-12773-0-0-0\\&quot; class=\\&quot;so-panel widget widget_sow-image panel-first-child\\&quot; data-index=\\&quot;0\\&quot; data-style=\\&quot;{&amp;quot;background_display&amp;quot;:&amp;quot;tile&amp;quot;,&amp;quot;iw-visible-screen&amp;quot;:&amp;quot;iw-all&amp;quot;,&amp;quot;iw-visible-layout&amp;quot;:&amp;quot;iw-all&amp;quot;}\\&quot; &gt;&quot;,&quot;after_widget&quot;:&quot;&lt;\\\/div&gt;&quot;,&quot;before_title&quot;:&quot;&lt;h3 class=\\&quot;widget-title\\&quot;&gt;&quot;,&quot;after_title&quot;:&quot;&lt;\\\/h3&gt;&quot;,&quot;widget_id&quot;:&quot;widget-0-0-0&quot;}}\" \/>[\/siteorigin_widget]<\/div>\n<div id=\"panel-12773-0-0-1\" class=\"so-panel widget widget_sow-editor panel-last-child\" data-index=\"1\" data-style=\"{&quot;background_display&quot;:&quot;tile&quot;,&quot;iw-visible-screen&quot;:&quot;iw-all&quot;,&quot;iw-visible-layout&quot;:&quot;iw-all&quot;}\" >\n<div class=\"so-widget-sow-editor so-widget-sow-editor-base\">\n<div class=\"siteorigin-widget-tinymce textwidget\">\n<p style=\"text-align: right;\"><button id=\"listenButton1\" class=\"responsivevoice-button\" type=\"button\" value=\"Play\" title=\"ResponsiveVoice Tap to Start\/Stop Speech\"><span>&#128266; Vorlesen<\/span><\/button>\n        <script>\n            listenButton1.onclick = function(){\n                if(responsiveVoice.isPlaying()){\n                    responsiveVoice.cancel();\n                }else{\n                    responsiveVoice.speak(\"[siteorigin_widget class=\\\"SiteOrigin_Widget_Image_Widget\\\"][\/siteorigin_widget] Dokumentiert von Reinhold Harnoth Wir starten vom B\u00fcrgertreff Waldacker, \u00fcber den Eulerweg zum Feldkreuz bei Ober-Roden. Von hier \u00fcber die Nieder-R\u00f6der-Str., \u00fcber die S-Bahngleise, am Hundeverein R\u00f6dermark e.V. vorbei (bei unserer Tour vor Ostern, zwei St\u00f6rche im Nest gesehen) weiter in Richtung Stadtteil Breidert. Umfahrung des Stadtteils Breidert bis zum Umspannwerk (Ecke Lochner-\/Margeritenstr.) von hier \u00fcber den \u201eBach von der Langenwiese\u201c in Richtung B45, diese unterquert und weiter nach Eppertshausen (bis zum Beginn der Schillerstra\u00dfe). Von hier um Eppertshausen herum, am Gel\u00e4nde des Sportzentrum vorbei, in Richtung des st\u00e4dt. Waldfriedhofs, ein St\u00fcck der K183 entlang, bis zum Weghinweis nach Hergershausen. Kurz vor der Langfeldsm\u00fchle rechts abbiegen zum ASV 1960Hergershausen (Angelsportverein) Dort eine geplante Einkehr (war aber kein Fisch mehr vorhanden) Von hier ging es dann weiter an der Langfeldsm\u00fchle vorbei nach Hergershausen. In Hergershausen sto\u00dfen wir auf den Radweg R4. Diesem folgen wir, durch Harpertshausen und Altheim (siehe ein Bild) Weiter geht\u2019s in Richtung Gro\u00df-Umstadt, am Mittelforsthof vorbei, \u00dcberquerung der L3115 und weiter bis zum Marktplatz mit Osterbrunnen (siehe Bild). Der R\u00fcckweg \u00fcber den Radweg R4 bis Altheim, hier verlassen wie den Radweg und weiter geht\u2019s an M\u00fcnster vorbei nach Eppertshausen. Kurzer Abstecher zum Marktplatz mit Brunnen vor dem Rathaus (siehe Bild) Unter der B45 hindurch nach Breidert und weiter um Breidert herum nach Waldacker. Wegstrecke:\u00a0 ca.48 km \u00a0\", \"Deutsch Female\");\n                }\n            };\n        <\/script>\n    \n<p style=\"text-align: left;\"><span style=\"font-size: 14pt;\"><strong><span style=\"font-family: arial,helvetica,sans-serif;\">Dokumentiert von Reinhold Harnoth<\/span><\/strong><\/span><\/p>\n<p><span style=\"font-size: 14pt; font-family: arial,helvetica,sans-serif;\"><a href=\"https:\/\/i0.wp.com\/www.quartier-waldacker.de\/wp-content\/uploads\/2017\/04\/Stoerche-am-Klaerwerk.jpg?ssl=1\"><img data-recalc-dims=\"1\" loading=\"lazy\" decoding=\"async\" data-attachment-id=\"12780\" data-permalink=\"https:\/\/www.quartier-waldacker.de\/?attachment_id=12780#main\" data-orig-file=\"https:\/\/i0.wp.com\/www.quartier-waldacker.de\/wp-content\/uploads\/2017\/04\/Stoerche-am-Klaerwerk.jpg?fit=475%2C780&amp;ssl=1\" data-orig-size=\"475,780\" data-comments-opened=\"1\" data-image-meta=\"{&quot;aperture&quot;:&quot;0&quot;,&quot;credit&quot;:&quot;&quot;,&quot;camera&quot;:&quot;&quot;,&quot;caption&quot;:&quot;&quot;,&quot;created_timestamp&quot;:&quot;0&quot;,&quot;copyright&quot;:&quot;&quot;,&quot;focal_length&quot;:&quot;0&quot;,&quot;iso&quot;:&quot;0&quot;,&quot;shutter_speed&quot;:&quot;0&quot;,&quot;title&quot;:&quot;&quot;,&quot;orientation&quot;:&quot;0&quot;}\" data-image-title=\"Stoerche-am-Klaerwerk\" data-image-description=\"\" data-image-caption=\"\" data-large-file=\"https:\/\/i0.wp.com\/www.quartier-waldacker.de\/wp-content\/uploads\/2017\/04\/Stoerche-am-Klaerwerk.jpg?fit=475%2C780&amp;ssl=1\" class=\" wp-image-12780 alignleft\" src=\"https:\/\/i0.wp.com\/www.quartier-waldacker.de\/wp-content\/uploads\/2017\/04\/Stoerche-am-Klaerwerk.jpg?resize=110%2C180&#038;ssl=1\" alt=\"\" width=\"110\" height=\"180\" srcset=\"https:\/\/i0.wp.com\/www.quartier-waldacker.de\/wp-content\/uploads\/2017\/04\/Stoerche-am-Klaerwerk.jpg?resize=183%2C300&amp;ssl=1 183w, https:\/\/i0.wp.com\/www.quartier-waldacker.de\/wp-content\/uploads\/2017\/04\/Stoerche-am-Klaerwerk.jpg?w=475&amp;ssl=1 475w\" sizes=\"auto, (max-width: 110px) 100vw, 110px\" \/><\/a><\/span><span style=\"font-family: arial,helvetica,sans-serif; font-size: 14pt;\">Wir starten vom B\u00fcrgertreff Waldacker, \u00fcber den Eulerweg zum Feldkreuz bei Ober-Roden. Von hier \u00fcber die Nieder-R\u00f6der-Str., \u00fcber die S-Bahngleise, am Hundeverein R\u00f6dermark e.V. vorbei (bei unserer Tour vor Ostern, zwei St\u00f6rche im Nest gesehen) weiter in Richtung Stadtteil Breidert. Umfahrung des Stadtteils Breidert bis zum Umspannwerk (Ecke Lochner-\/Margeritenstr.) von hier \u00fcber den \u201eBach von der Langenwiese\u201c in Richtung B45, diese unterquert und weiter nach Eppertshausen (bis zum Beginn der Schillerstra\u00dfe). Von hier um Eppertshausen herum, am Gel\u00e4nde des Sportzentrum vorbei, in Richtung des st\u00e4dt. Waldfriedhofs, ein St\u00fcck der K183 entlang, bis zum Weghinweis nach Hergershausen. Kurz vor der Langfeldsm\u00fchle rechts abbiegen zum ASV 1960Hergershausen (Angelsportverein) Dort eine geplante Einkehr (war aber kein Fisch mehr vorhanden) Von hier ging es dann weiter an der Langfeldsm\u00fchle vorbei nach Hergershausen. In Hergershausen sto\u00dfen wir auf den Radweg R4. Diesem folgen wir, durch Harpertshausen und Altheim (siehe ein Bild) Weiter geht\u2019s in Richtung Gro\u00df-Umstadt, am Mittelforsthof vorbei, \u00dcberquerung der L3115 und weiter bis zum Marktplatz mit Osterbrunnen (siehe Bild).<\/span><\/p>\n<div class=\"tiled-gallery type-rectangular tiled-gallery-unresized\" data-original-width=\"1200\" data-carousel-extra='{&quot;blog_id&quot;:1,&quot;permalink&quot;:&quot;https:\\\/\\\/www.quartier-waldacker.de\\\/?p=12773&quot;,&quot;likes_blog_id&quot;:42826531}' itemscope itemtype=\"http:\/\/schema.org\/ImageGallery\" > <div class=\"gallery-row\" style=\"width: 1200px; height: 318px;\" data-original-width=\"1200\" data-original-height=\"318\" > <div class=\"gallery-group images-1\" style=\"width: 385px; height: 318px;\" data-original-width=\"385\" data-original-height=\"318\" > <div class=\"tiled-gallery-item tiled-gallery-item-large\" itemprop=\"associatedMedia\" itemscope itemtype=\"http:\/\/schema.org\/ImageObject\"> <a href=\"https:\/\/www.quartier-waldacker.de\/?attachment_id=12777#main\" border=\"0\" itemprop=\"url\"> <meta itemprop=\"width\" content=\"381\"> <meta itemprop=\"height\" content=\"314\"> <img decoding=\"async\" class=\"\" data-attachment-id=\"12777\" data-orig-file=\"https:\/\/www.quartier-waldacker.de\/wp-content\/uploads\/2017\/04\/Brunnen-in-Eppertshausen-1.jpg\" data-orig-size=\"780,642\" data-comments-opened=\"1\" data-image-meta=\"{&quot;aperture&quot;:&quot;0&quot;,&quot;credit&quot;:&quot;&quot;,&quot;camera&quot;:&quot;&quot;,&quot;caption&quot;:&quot;&quot;,&quot;created_timestamp&quot;:&quot;0&quot;,&quot;copyright&quot;:&quot;&quot;,&quot;focal_length&quot;:&quot;0&quot;,&quot;iso&quot;:&quot;0&quot;,&quot;shutter_speed&quot;:&quot;0&quot;,&quot;title&quot;:&quot;&quot;,&quot;orientation&quot;:&quot;0&quot;}\" data-image-title=\"Brunnen-in-Eppertshausen\" data-image-description=\"\" data-medium-file=\"https:\/\/i0.wp.com\/www.quartier-waldacker.de\/wp-content\/uploads\/2017\/04\/Brunnen-in-Eppertshausen-1.jpg?fit=300%2C247&#038;ssl=1\" data-large-file=\"https:\/\/i0.wp.com\/www.quartier-waldacker.de\/wp-content\/uploads\/2017\/04\/Brunnen-in-Eppertshausen-1.jpg?fit=780%2C642&#038;ssl=1\" src=\"https:\/\/i0.wp.com\/www.quartier-waldacker.de\/wp-content\/uploads\/2017\/04\/Brunnen-in-Eppertshausen-1.jpg?w=381&#038;h=314&#038;ssl=1\" srcset=\"https:\/\/i0.wp.com\/www.quartier-waldacker.de\/wp-content\/uploads\/2017\/04\/Brunnen-in-Eppertshausen-1.jpg?w=780&amp;ssl=1 780w, https:\/\/i0.wp.com\/www.quartier-waldacker.de\/wp-content\/uploads\/2017\/04\/Brunnen-in-Eppertshausen-1.jpg?resize=300%2C247&amp;ssl=1 300w, https:\/\/i0.wp.com\/www.quartier-waldacker.de\/wp-content\/uploads\/2017\/04\/Brunnen-in-Eppertshausen-1.jpg?resize=768%2C632&amp;ssl=1 768w\" width=\"381\" height=\"314\" loading=\"lazy\" data-original-width=\"381\" data-original-height=\"314\" itemprop=\"http:\/\/schema.org\/image\" title=\"Brunnen-in-Eppertshausen\" alt=\"Brunnen in Eppertshausen\" style=\"width: 381px; height: 314px;\" \/> <\/a> <div class=\"tiled-gallery-caption\" itemprop=\"caption description\"> Brunnen in Eppertshausen <\/div> <\/div> <\/div> <!-- close group --> <div class=\"gallery-group images-1\" style=\"width: 562px; height: 318px;\" data-original-width=\"562\" data-original-height=\"318\" > <div class=\"tiled-gallery-item tiled-gallery-item-large\" itemprop=\"associatedMedia\" itemscope itemtype=\"http:\/\/schema.org\/ImageObject\"> <a href=\"https:\/\/www.quartier-waldacker.de\/?attachment_id=12778#main\" border=\"0\" itemprop=\"url\"> <meta itemprop=\"width\" content=\"558\"> <meta itemprop=\"height\" content=\"314\"> <img decoding=\"async\" class=\"\" data-attachment-id=\"12778\" data-orig-file=\"https:\/\/www.quartier-waldacker.de\/wp-content\/uploads\/2017\/04\/Haus-in-Altheim-1.jpg\" data-orig-size=\"780,439\" data-comments-opened=\"1\" data-image-meta=\"{&quot;aperture&quot;:&quot;0&quot;,&quot;credit&quot;:&quot;&quot;,&quot;camera&quot;:&quot;&quot;,&quot;caption&quot;:&quot;&quot;,&quot;created_timestamp&quot;:&quot;0&quot;,&quot;copyright&quot;:&quot;&quot;,&quot;focal_length&quot;:&quot;0&quot;,&quot;iso&quot;:&quot;0&quot;,&quot;shutter_speed&quot;:&quot;0&quot;,&quot;title&quot;:&quot;&quot;,&quot;orientation&quot;:&quot;0&quot;}\" data-image-title=\"Haus-in-Altheim\" data-image-description=\"\" data-medium-file=\"https:\/\/i0.wp.com\/www.quartier-waldacker.de\/wp-content\/uploads\/2017\/04\/Haus-in-Altheim-1.jpg?fit=300%2C169&#038;ssl=1\" data-large-file=\"https:\/\/i0.wp.com\/www.quartier-waldacker.de\/wp-content\/uploads\/2017\/04\/Haus-in-Altheim-1.jpg?fit=780%2C439&#038;ssl=1\" src=\"https:\/\/i0.wp.com\/www.quartier-waldacker.de\/wp-content\/uploads\/2017\/04\/Haus-in-Altheim-1.jpg?w=558&#038;h=314&#038;ssl=1\" srcset=\"https:\/\/i0.wp.com\/www.quartier-waldacker.de\/wp-content\/uploads\/2017\/04\/Haus-in-Altheim-1.jpg?w=780&amp;ssl=1 780w, https:\/\/i0.wp.com\/www.quartier-waldacker.de\/wp-content\/uploads\/2017\/04\/Haus-in-Altheim-1.jpg?resize=300%2C169&amp;ssl=1 300w, https:\/\/i0.wp.com\/www.quartier-waldacker.de\/wp-content\/uploads\/2017\/04\/Haus-in-Altheim-1.jpg?resize=768%2C432&amp;ssl=1 768w, https:\/\/i0.wp.com\/www.quartier-waldacker.de\/wp-content\/uploads\/2017\/04\/Haus-in-Altheim-1.jpg?resize=128%2C72&amp;ssl=1 128w\" width=\"558\" height=\"314\" loading=\"lazy\" data-original-width=\"558\" data-original-height=\"314\" itemprop=\"http:\/\/schema.org\/image\" title=\"Haus-in-Altheim\" alt=\"Haus in Altheim\" style=\"width: 558px; height: 314px;\" \/> <\/a> <div class=\"tiled-gallery-caption\" itemprop=\"caption description\"> Haus in Altheim <\/div> <\/div> <\/div> <!-- close group --> <div class=\"gallery-group images-1\" style=\"width: 253px; height: 318px;\" data-original-width=\"253\" data-original-height=\"318\" > <div class=\"tiled-gallery-item tiled-gallery-item-small\" itemprop=\"associatedMedia\" itemscope itemtype=\"http:\/\/schema.org\/ImageObject\"> <a href=\"https:\/\/www.quartier-waldacker.de\/?attachment_id=12779#main\" border=\"0\" itemprop=\"url\"> <meta itemprop=\"width\" content=\"249\"> <meta itemprop=\"height\" content=\"314\"> <img decoding=\"async\" class=\"\" data-attachment-id=\"12779\" data-orig-file=\"https:\/\/www.quartier-waldacker.de\/wp-content\/uploads\/2017\/04\/Osterbrunnen-in-Gross-Umstadt.jpg\" data-orig-size=\"619,780\" data-comments-opened=\"1\" data-image-meta=\"{&quot;aperture&quot;:&quot;0&quot;,&quot;credit&quot;:&quot;&quot;,&quot;camera&quot;:&quot;&quot;,&quot;caption&quot;:&quot;&quot;,&quot;created_timestamp&quot;:&quot;0&quot;,&quot;copyright&quot;:&quot;&quot;,&quot;focal_length&quot;:&quot;0&quot;,&quot;iso&quot;:&quot;0&quot;,&quot;shutter_speed&quot;:&quot;0&quot;,&quot;title&quot;:&quot;&quot;,&quot;orientation&quot;:&quot;0&quot;}\" data-image-title=\"Osterbrunnen-in-Gross-Umstadt\" data-image-description=\"\" data-medium-file=\"https:\/\/i0.wp.com\/www.quartier-waldacker.de\/wp-content\/uploads\/2017\/04\/Osterbrunnen-in-Gross-Umstadt.jpg?fit=238%2C300&#038;ssl=1\" data-large-file=\"https:\/\/i0.wp.com\/www.quartier-waldacker.de\/wp-content\/uploads\/2017\/04\/Osterbrunnen-in-Gross-Umstadt.jpg?fit=619%2C780&#038;ssl=1\" src=\"https:\/\/i0.wp.com\/www.quartier-waldacker.de\/wp-content\/uploads\/2017\/04\/Osterbrunnen-in-Gross-Umstadt.jpg?w=249&#038;h=314&#038;ssl=1\" srcset=\"https:\/\/i0.wp.com\/www.quartier-waldacker.de\/wp-content\/uploads\/2017\/04\/Osterbrunnen-in-Gross-Umstadt.jpg?w=619&amp;ssl=1 619w, https:\/\/i0.wp.com\/www.quartier-waldacker.de\/wp-content\/uploads\/2017\/04\/Osterbrunnen-in-Gross-Umstadt.jpg?resize=238%2C300&amp;ssl=1 238w\" width=\"249\" height=\"314\" loading=\"lazy\" data-original-width=\"249\" data-original-height=\"314\" itemprop=\"http:\/\/schema.org\/image\" title=\"Osterbrunnen-in-Gross-Umstadt\" alt=\"Osterbrunnen in Gro\u00df-Umstadt\" style=\"width: 249px; height: 314px;\" \/> <\/a> <div class=\"tiled-gallery-caption\" itemprop=\"caption description\"> Osterbrunnen in Gro\u00df-Umstadt <\/div> <\/div> <\/div> <!-- close group --> <\/div> <!-- close row --> <\/div>\n<p><span style=\"font-size: 14pt; font-family: arial,helvetica,sans-serif;\">Der R\u00fcckweg \u00fcber den Radweg R4 bis Altheim, hier verlassen wie den Radweg und weiter geht\u2019s an M\u00fcnster vorbei nach Eppertshausen. Kurzer Abstecher zum Marktplatz mit Brunnen vor dem Rathaus (siehe Bild) Unter der B45 hindurch nach Breidert und weiter um Breidert herum nach Waldacker.<\/span><\/p>\n\t\t<div id=\"maps-marker-pro-428fb261\" class=\"maps-marker-pro\" style=\"width: 640px;\">\n\t\t\t<div id=\"mmp-map-wrap-428fb261\" class=\"mmp-map-wrap\">\n\t\t\t\t\t\t\t\t\t<div id=\"mmp-panel-428fb261\" class=\"mmp-panel\"><\/div>\n\t\t\t\t\t\t\t\t<div id=\"mmp-map-428fb261\" class=\"mmp-map\" style=\"height: 480px;\"><\/div>\n\t\t\t\t\t\t\t\t\t<div id=\"mmp-chart-wrap-428fb261\" class=\"mmp-gpx-chart-wrap\" style=\"height: 200px;\"><\/div>\n\t\t\t\t\t\t\t<\/div>\n\t\t\t\t\t<\/div>\n\t\t\n<p><span style=\"font-size: 14pt; font-family: arial,helvetica,sans-serif;\">Wegstrecke:\u00a0 ca.48 km<\/span><\/p>\n<p>\u00a0<\/p>\n<\/div>\n<\/div>\n<\/div>\n<\/div>\n<\/div>\n<\/div>\n","protected":false},"excerpt":{"rendered":"<p>[siteorigin_widget class=&#8221;SiteOrigin_Widget_Image_Widget&#8221;][\/siteorigin_widget] Dokumentiert von Reinhold Harnoth Wir starten vom B\u00fcrgertreff Waldacker, \u00fcber den Eulerweg zum Feldkreuz bei Ober-Roden. Von hier \u00fcber die Nieder-R\u00f6der-Str., \u00fcber die S-Bahngleise, am Hundeverein R\u00f6dermark e.V. vorbei (bei unserer Tour vor Ostern, zwei St\u00f6rche im Nest gesehen) weiter in Richtung Stadtteil Breidert. Umfahrung des Stadtteils Breidert bis zum Umspannwerk (Ecke Lochner-\/Margeritenstr.) &#8230; <a title=\"Radtour &#8211; Gro\u00df-Umstadt zum Osterbrunnen auf dem historischen Marktplatz (47 km)\" class=\"read-more\" href=\"https:\/\/www.quartier-waldacker.de\/?p=12773\" aria-label=\"Mehr Informationen \u00fcber Radtour &#8211; Gro\u00df-Umstadt zum Osterbrunnen auf dem historischen Marktplatz (47 km)\">Weiterlesen<\/a><\/p>\n","protected":false},"author":1,"featured_media":12782,"comment_status":"open","ping_status":"open","sticky":false,"template":"","format":"standard","meta":{"generate_page_header":"","_jetpack_memberships_contains_paid_content":false,"footnotes":""},"categories":[126],"tags":[197],"class_list":["post-12773","post","type-post","status-publish","format-standard","has-post-thumbnail","hentry","category-radtouren","tag-radfahren"],"jetpack_featured_media_url":"https:\/\/i0.wp.com\/www.quartier-waldacker.de\/wp-content\/uploads\/2017\/04\/Header_07.jpg?fit=1380%2C300&ssl=1","jetpack-related-posts":[{"id":25385,"url":"https:\/\/www.quartier-waldacker.de\/?p=25385","url_meta":{"origin":12773,"position":0},"title":"Kleine Radtour nach Gro\u00df-Umstadt (52 km)","author":"Johannes","date":"21. September 2024","format":false,"excerpt":"Start:Bei bestem Wetter machten sich um 11.30 Uhr 16 Radfahrerinnen und Radfahrer vom heutigen Ausgangspunkt Schillerhaus in der Schillerstra\u00dfe 17 in Urberach auf den Weg. Ein Teil der Gruppe hatte zuvor das Angebot \u201eFr\u00fchst\u00fcck mit Schiller\u201c wahrgenommen. Dieses wird jeden 3. Freitag im Monat im Schillerhaus angeboten. Nach der Begr\u00fc\u00dfung\u2026","rel":"","context":"In &quot;Radtouren&quot;","block_context":{"text":"Radtouren","link":"https:\/\/www.quartier-waldacker.de\/?cat=126"},"img":{"alt_text":"","src":"https:\/\/i0.wp.com\/www.quartier-waldacker.de\/wp-content\/uploads\/2017\/03\/Header_Gruppe_2024_ab2024.jpg?fit=1200%2C281&ssl=1&resize=350%2C200","width":350,"height":200,"srcset":"https:\/\/i0.wp.com\/www.quartier-waldacker.de\/wp-content\/uploads\/2017\/03\/Header_Gruppe_2024_ab2024.jpg?fit=1200%2C281&ssl=1&resize=350%2C200 1x, https:\/\/i0.wp.com\/www.quartier-waldacker.de\/wp-content\/uploads\/2017\/03\/Header_Gruppe_2024_ab2024.jpg?fit=1200%2C281&ssl=1&resize=525%2C300 1.5x, https:\/\/i0.wp.com\/www.quartier-waldacker.de\/wp-content\/uploads\/2017\/03\/Header_Gruppe_2024_ab2024.jpg?fit=1200%2C281&ssl=1&resize=700%2C400 2x, https:\/\/i0.wp.com\/www.quartier-waldacker.de\/wp-content\/uploads\/2017\/03\/Header_Gruppe_2024_ab2024.jpg?fit=1200%2C281&ssl=1&resize=1050%2C600 3x"},"classes":[]},{"id":12991,"url":"https:\/\/www.quartier-waldacker.de\/?p=12991","url_meta":{"origin":12773,"position":1},"title":"Radtour &#8211; Offenbach am Main in Richtung H\u00f6chst (Altstadt und Schloss) und Nidda M\u00fcndung (47 km)","author":"admin","date":"27. April 2017","format":false,"excerpt":"[siteorigin_widget class=\"SiteOrigin_Widget_Image_Widget\"][\/siteorigin_widget] Dokumentiert von Reinhold Harnoth Start am Treffpunkt B\u00fcrgertreff in Waldacker. Von hier \u00fcber den Lindenweg, An der H\u00fchnerhecke, Im Rehwinkel hinter der Bebauungsgrenze vorbei zur B459. Dieser entlang \u00fcber die Kreuzung bis zur alten Str. nach Dietzenbach. Von hier auf der Ober-Rodener-Stra\u00dfe bis zum S-Bahnhof Dietzenbach. Fahrt mit\u2026","rel":"","context":"In &quot;Radtouren&quot;","block_context":{"text":"Radtouren","link":"https:\/\/www.quartier-waldacker.de\/?cat=126"},"img":{"alt_text":"","src":"https:\/\/i0.wp.com\/www.quartier-waldacker.de\/wp-content\/uploads\/2017\/04\/Header__Tour8.jpg?fit=1200%2C261&ssl=1&resize=350%2C200","width":350,"height":200,"srcset":"https:\/\/i0.wp.com\/www.quartier-waldacker.de\/wp-content\/uploads\/2017\/04\/Header__Tour8.jpg?fit=1200%2C261&ssl=1&resize=350%2C200 1x, https:\/\/i0.wp.com\/www.quartier-waldacker.de\/wp-content\/uploads\/2017\/04\/Header__Tour8.jpg?fit=1200%2C261&ssl=1&resize=525%2C300 1.5x, https:\/\/i0.wp.com\/www.quartier-waldacker.de\/wp-content\/uploads\/2017\/04\/Header__Tour8.jpg?fit=1200%2C261&ssl=1&resize=700%2C400 2x, https:\/\/i0.wp.com\/www.quartier-waldacker.de\/wp-content\/uploads\/2017\/04\/Header__Tour8.jpg?fit=1200%2C261&ssl=1&resize=1050%2C600 3x"},"classes":[]},{"id":15997,"url":"https:\/\/www.quartier-waldacker.de\/?p=15997","url_meta":{"origin":12773,"position":2},"title":"Radtour &#8211;  Zum Tannenhof bei Gro\u00df-Umstadt (42 Km)","author":"Johannes","date":"19. November 2017","format":false,"excerpt":"[siteorigin_widget class=\"SiteOrigin_Widget_Image_Widget\"][\/siteorigin_widget] Die heutige Tour begann wie immer um 13 Uhr in Waldacker am B\u00fcrgertreff, in Breidert am Umspannwerk trafen wir unsere Freunde aus Ober-Roden. Von hier aus ging es \u00fcber Eppershausen in Richtung Hergershausen, vorbei an der Langfeldsm\u00fchle, danach \u00fcberqueren wir die Bahnstrecke Dieburg-Babenhausen und die Bundestra\u00dfe 26. Am\u2026","rel":"","context":"In &quot;Radtouren&quot;","block_context":{"text":"Radtouren","link":"https:\/\/www.quartier-waldacker.de\/?cat=126"},"img":{"alt_text":"","src":"https:\/\/i0.wp.com\/www.quartier-waldacker.de\/wp-content\/uploads\/2017\/11\/Tannenhof.jpg?fit=1200%2C281&ssl=1&resize=350%2C200","width":350,"height":200,"srcset":"https:\/\/i0.wp.com\/www.quartier-waldacker.de\/wp-content\/uploads\/2017\/11\/Tannenhof.jpg?fit=1200%2C281&ssl=1&resize=350%2C200 1x, https:\/\/i0.wp.com\/www.quartier-waldacker.de\/wp-content\/uploads\/2017\/11\/Tannenhof.jpg?fit=1200%2C281&ssl=1&resize=525%2C300 1.5x, https:\/\/i0.wp.com\/www.quartier-waldacker.de\/wp-content\/uploads\/2017\/11\/Tannenhof.jpg?fit=1200%2C281&ssl=1&resize=700%2C400 2x, https:\/\/i0.wp.com\/www.quartier-waldacker.de\/wp-content\/uploads\/2017\/11\/Tannenhof.jpg?fit=1200%2C281&ssl=1&resize=1050%2C600 3x"},"classes":[]},{"id":12744,"url":"https:\/\/www.quartier-waldacker.de\/?p=12744","url_meta":{"origin":12773,"position":3},"title":"Radtour &#8211; Dreieichenhain zur Burgruine (26 Km)","author":"admin","date":"29. M\u00e4rz 2017","format":false,"excerpt":"[siteorigin_widget class=\"SiteOrigin_Widget_Image_Widget\"][\/siteorigin_widget] Bericht von Reinhold Harnoth Eine Radtour \u00fcber Dietzenbach, durch die liebevoll restaurierten Altstadtgassen, am\u00a0Aussichtsturm vorbei \u00fcber Gut Neuhof\/Golfplatz nach Dreieichenhain.\u00a0\u201eAuf der Hub\u201c in G\u00f6tzenhain bietet sich ein toller Ausblick auf die Skyline von Frankfurt. In Dreieichenhain angekommen, besteht die M\u00f6glichkeit die Besichtigung der\u00a0Burg Hayn und der Besuch der\u00a0historischen\u2026","rel":"","context":"In &quot;Radtouren&quot;","block_context":{"text":"Radtouren","link":"https:\/\/www.quartier-waldacker.de\/?cat=126"},"img":{"alt_text":"","src":"https:\/\/i0.wp.com\/www.quartier-waldacker.de\/wp-content\/uploads\/2017\/04\/RadHead_2_780.jpg?fit=1200%2C281&ssl=1&resize=350%2C200","width":350,"height":200,"srcset":"https:\/\/i0.wp.com\/www.quartier-waldacker.de\/wp-content\/uploads\/2017\/04\/RadHead_2_780.jpg?fit=1200%2C281&ssl=1&resize=350%2C200 1x, https:\/\/i0.wp.com\/www.quartier-waldacker.de\/wp-content\/uploads\/2017\/04\/RadHead_2_780.jpg?fit=1200%2C281&ssl=1&resize=525%2C300 1.5x, https:\/\/i0.wp.com\/www.quartier-waldacker.de\/wp-content\/uploads\/2017\/04\/RadHead_2_780.jpg?fit=1200%2C281&ssl=1&resize=700%2C400 2x, https:\/\/i0.wp.com\/www.quartier-waldacker.de\/wp-content\/uploads\/2017\/04\/RadHead_2_780.jpg?fit=1200%2C281&ssl=1&resize=1050%2C600 3x"},"classes":[]},{"id":26746,"url":"https:\/\/www.quartier-waldacker.de\/?p=26746","url_meta":{"origin":12773,"position":4},"title":"Nach\u00f6sterliche Radtour zu den Osterbrunnen \u00fcber Seligenstadt. (53 km)","author":"Johannes","date":"27. April 2025","format":false,"excerpt":"Start: Der Himmel war bew\u00f6lkt zum Start um 11.00 Uhr am 50. Breitengrad in Waldacker, die Wetterpropheten in Offenbach hatten f\u00fcr den Nachmittag Besserung angek\u00fcndigt. \u00dcberraschenderweise waren 26 Teilnehmerinnen und Teilnehmer zur Radtour nach Seligenstadt erschienen. Nach einer kurzen Erl\u00e4uterung des Streckenverlaufs durch Tourenleiter Gerhard Elsesser setzte sich die Gruppe\u2026","rel":"","context":"In &quot;Radtouren&quot;","block_context":{"text":"Radtouren","link":"https:\/\/www.quartier-waldacker.de\/?cat=126"},"img":{"alt_text":"","src":"https:\/\/i0.wp.com\/www.quartier-waldacker.de\/wp-content\/uploads\/2025\/03\/Header_Gruppe_2025sr.jpg?fit=1200%2C281&ssl=1&resize=350%2C200","width":350,"height":200,"srcset":"https:\/\/i0.wp.com\/www.quartier-waldacker.de\/wp-content\/uploads\/2025\/03\/Header_Gruppe_2025sr.jpg?fit=1200%2C281&ssl=1&resize=350%2C200 1x, https:\/\/i0.wp.com\/www.quartier-waldacker.de\/wp-content\/uploads\/2025\/03\/Header_Gruppe_2025sr.jpg?fit=1200%2C281&ssl=1&resize=525%2C300 1.5x, https:\/\/i0.wp.com\/www.quartier-waldacker.de\/wp-content\/uploads\/2025\/03\/Header_Gruppe_2025sr.jpg?fit=1200%2C281&ssl=1&resize=700%2C400 2x, https:\/\/i0.wp.com\/www.quartier-waldacker.de\/wp-content\/uploads\/2025\/03\/Header_Gruppe_2025sr.jpg?fit=1200%2C281&ssl=1&resize=1050%2C600 3x"},"classes":[]},{"id":15740,"url":"https:\/\/www.quartier-waldacker.de\/?p=15740","url_meta":{"origin":12773,"position":5},"title":"Radtour &#8211; Wetterstation, -park in Offenbach (33 km)","author":"Johannes","date":"30. Oktober 2017","format":false,"excerpt":"[siteorigin_widget class=\"SiteOrigin_Widget_Image_Widget\"][\/siteorigin_widget] Bericht und Bilder von Reinhold Harnoth Treffpunkt war um 13.00 Uhr am B\u00fcrgertreff in Waldacker. Unser Ziel an diesem Tage war der Wetterpark in Offenbach. \u00dcber die Verl\u00e4ngerung des Eulerwegs f\u00fchrte uns die Strecke zur Kreisquerverbindung. Nach deren \u00dcberquerung radelten wir zun\u00e4chst weiter auf den Eulerweg dann Unterste\u2026","rel":"","context":"In &quot;Radtouren&quot;","block_context":{"text":"Radtouren","link":"https:\/\/www.quartier-waldacker.de\/?cat=126"},"img":{"alt_text":"","src":"https:\/\/i0.wp.com\/www.quartier-waldacker.de\/wp-content\/uploads\/2017\/10\/WetterparkHead.png?fit=1200%2C281&ssl=1&resize=350%2C200","width":350,"height":200,"srcset":"https:\/\/i0.wp.com\/www.quartier-waldacker.de\/wp-content\/uploads\/2017\/10\/WetterparkHead.png?fit=1200%2C281&ssl=1&resize=350%2C200 1x, https:\/\/i0.wp.com\/www.quartier-waldacker.de\/wp-content\/uploads\/2017\/10\/WetterparkHead.png?fit=1200%2C281&ssl=1&resize=525%2C300 1.5x, https:\/\/i0.wp.com\/www.quartier-waldacker.de\/wp-content\/uploads\/2017\/10\/WetterparkHead.png?fit=1200%2C281&ssl=1&resize=700%2C400 2x, https:\/\/i0.wp.com\/www.quartier-waldacker.de\/wp-content\/uploads\/2017\/10\/WetterparkHead.png?fit=1200%2C281&ssl=1&resize=1050%2C600 3x"},"classes":[]}],"jetpack_sharing_enabled":true,"rttpg_featured_image_url":{"full":["https:\/\/i0.wp.com\/www.quartier-waldacker.de\/wp-content\/uploads\/2017\/04\/Header_07.jpg?fit=1380%2C300&ssl=1",1380,300,false],"landscape":["https:\/\/www.quartier-waldacker.de\/wp-content\/uploads\/2017\/04\/Header_07.jpg",1380,300,false],"portraits":["https:\/\/www.quartier-waldacker.de\/wp-content\/uploads\/2017\/04\/Header_07.jpg",1380,300,false],"thumbnail":["https:\/\/i0.wp.com\/www.quartier-waldacker.de\/wp-content\/uploads\/2017\/04\/Header_07.jpg?resize=150%2C150&ssl=1",150,150,true],"medium":["https:\/\/i0.wp.com\/www.quartier-waldacker.de\/wp-content\/uploads\/2017\/04\/Header_07.jpg?fit=300%2C65&ssl=1",300,65,true],"large":["https:\/\/i0.wp.com\/www.quartier-waldacker.de\/wp-content\/uploads\/2017\/04\/Header_07.jpg?fit=1024%2C223&ssl=1",1024,223,true],"1536x1536":["https:\/\/i0.wp.com\/www.quartier-waldacker.de\/wp-content\/uploads\/2017\/04\/Header_07.jpg?fit=1380%2C300&ssl=1",1380,300,true],"2048x2048":["https:\/\/i0.wp.com\/www.quartier-waldacker.de\/wp-content\/uploads\/2017\/04\/Header_07.jpg?fit=1380%2C300&ssl=1",1380,300,true]},"rttpg_author":{"display_name":"admin","author_link":"https:\/\/www.quartier-waldacker.de\/?author=1"},"rttpg_comment":0,"rttpg_category":"<a href=\"https:\/\/www.quartier-waldacker.de\/?cat=126\" rel=\"category\">Radtouren<\/a>","rttpg_excerpt":"[siteorigin_widget class=&#8221;SiteOrigin_Widget_Image_Widget&#8221;][\/siteorigin_widget] Dokumentiert von Reinhold Harnoth Wir starten vom B\u00fcrgertreff Waldacker, \u00fcber den Eulerweg zum Feldkreuz bei Ober-Roden. Von hier \u00fcber die Nieder-R\u00f6der-Str., \u00fcber die S-Bahngleise, am Hundeverein R\u00f6dermark e.V. vorbei (bei unserer Tour vor Ostern, zwei St\u00f6rche im Nest gesehen) weiter in Richtung Stadtteil Breidert. Umfahrung des Stadtteils Breidert bis zum Umspannwerk (Ecke Lochner-\/Margeritenstr.)&hellip;","_links":{"self":[{"href":"https:\/\/www.quartier-waldacker.de\/index.php?rest_route=\/wp\/v2\/posts\/12773","targetHints":{"allow":["GET"]}}],"collection":[{"href":"https:\/\/www.quartier-waldacker.de\/index.php?rest_route=\/wp\/v2\/posts"}],"about":[{"href":"https:\/\/www.quartier-waldacker.de\/index.php?rest_route=\/wp\/v2\/types\/post"}],"author":[{"embeddable":true,"href":"https:\/\/www.quartier-waldacker.de\/index.php?rest_route=\/wp\/v2\/users\/1"}],"replies":[{"embeddable":true,"href":"https:\/\/www.quartier-waldacker.de\/index.php?rest_route=%2Fwp%2Fv2%2Fcomments&post=12773"}],"version-history":[{"count":0,"href":"https:\/\/www.quartier-waldacker.de\/index.php?rest_route=\/wp\/v2\/posts\/12773\/revisions"}],"wp:featuredmedia":[{"embeddable":true,"href":"https:\/\/www.quartier-waldacker.de\/index.php?rest_route=\/wp\/v2\/media\/12782"}],"wp:attachment":[{"href":"https:\/\/www.quartier-waldacker.de\/index.php?rest_route=%2Fwp%2Fv2%2Fmedia&parent=12773"}],"wp:term":[{"taxonomy":"category","embeddable":true,"href":"https:\/\/www.quartier-waldacker.de\/index.php?rest_route=%2Fwp%2Fv2%2Fcategories&post=12773"},{"taxonomy":"post_tag","embeddable":true,"href":"https:\/\/www.quartier-waldacker.de\/index.php?rest_route=%2Fwp%2Fv2%2Ftags&post=12773"}],"curies":[{"name":"wp","href":"https:\/\/api.w.org\/{rel}","templated":true}]}}