{"id":12733,"date":"2017-03-15T06:53:21","date_gmt":"2017-03-15T05:53:21","guid":{"rendered":"https:\/\/www.quartier-waldacker.de\/?p=12733"},"modified":"2023-02-02T16:20:41","modified_gmt":"2023-02-02T15:20:41","slug":"radtour-02-rodgau-rundweg","status":"publish","type":"post","link":"https:\/\/www.quartier-waldacker.de\/?p=12733","title":{"rendered":"Radtour &#8211; Rodgau-Rundweg (37 km)"},"content":{"rendered":"<button id=\"listenButton1\" class=\"responsivevoice-button\" type=\"button\" value=\"Play\" title=\"ResponsiveVoice Tap to Start\/Stop Speech\"><span>&#128266; Vorlesen<\/span><\/button>\n        <script>\n            listenButton1.onclick = function(){\n                if(responsiveVoice.isPlaying()){\n                    responsiveVoice.cancel();\n                }else{\n                    responsiveVoice.speak(\"Dokumentiert von Reinhold HarnothVom Startpunkt B\u00fcrgertreff Waldacker in Richtung Kl\u00e4ranlage Ober-Roden (vorbei am Hundeplatz). Dann ein Teil um Breidert herum. Haben die B45 \u00fcberquert und sind dann auf den RODAU-Rundweg gesto\u00dfen. Von hier ca. 3 km bis zum Rodgauer Kalkstandsteinwerk. N\u00e4chste Station auf dem Rundweg war die Waldfreizeitanlage \u201eG\u00e4nsbr\u00fch\u201c Dudenhofen. Den Rundweg weiter gefolgt in Richtung G\u00e4rtnerei Fischer. Die L3121 \u00fcberquert in Richtung Ostweiler H\u00f6fe (Reiterh\u00f6fe). Hier steht eine interessante Milchzapfstelle. Im Folgenden ging es nun zum Sch\u00fctzen\/Hundedressurplatz und Kleintierzuchtverein J\u00fcgesheim. Dem Rundweg folgend ging es zur Waldfreizeitanlage Weiskirchen. Hier haben wir den Rundweg verlassen und sind zum Bahnhof Weiskirchen gefahren. Der SB-Strecke entlang \u00fcber J\u00fcgesheim nach Dudenhofen. Dort Einkehr im Rodgau Kegel-Center (Raiffeisenstr.). Nach einer reichhaltigen St\u00e4rkung (fl\u00fcssig und fest) ging der SB-Strecke entlang bis nach Rollwald. Hier haben wir uns getrennt: die aus Ober-Roden und die aus Waldacker\", \"Deutsch Female\");\n                }\n            };\n        <\/script>\n    \n\n\n\n<h5 class=\"wp-block-heading has-medium-font-size\">Dokumentiert von Reinhold Harnoth<br>Vom Startpunkt B\u00fcrgertreff Waldacker in Richtung Kl\u00e4ranlage Ober-Roden (vorbei am Hundeplatz). Dann ein Teil um Breidert herum. Haben die B45 \u00fcberquert und sind dann auf den RODAU-Rundweg gesto\u00dfen. Von hier ca. 3 km bis zum Rodgauer Kalkstandsteinwerk. N\u00e4chste Station auf dem Rundweg war die Waldfreizeitanlage \u201eG\u00e4nsbr\u00fch\u201c Dudenhofen. Den Rundweg weiter gefolgt in Richtung G\u00e4rtnerei Fischer. Die L3121 \u00fcberquert in Richtung Ostweiler H\u00f6fe (Reiterh\u00f6fe). Hier steht eine interessante Milchzapfstelle. Im Folgenden ging es nun zum Sch\u00fctzen\/Hundedressurplatz und Kleintierzuchtverein J\u00fcgesheim. Dem Rundweg folgend ging es zur Waldfreizeitanlage Weiskirchen. Hier haben wir den Rundweg verlassen und sind zum Bahnhof Weiskirchen gefahren. Der SB-Strecke entlang \u00fcber J\u00fcgesheim nach Dudenhofen. Dort Einkehr im Rodgau Kegel-Center (Raiffeisenstr.). Nach einer reichhaltigen St\u00e4rkung (fl\u00fcssig und fest) ging der SB-Strecke entlang bis nach Rollwald. Hier haben wir uns getrennt: die aus Ober-Roden und die aus Waldacker<\/h5>\n\n\n\n<div class=\"wp-block-group is-content-justification-center is-nowrap is-layout-flex wp-container-core-group-is-layout-94bc23d7 wp-block-group-is-layout-flex\">\n\t\t<div id=\"maps-marker-pro-68a7b135\" class=\"maps-marker-pro\" style=\"width: 640px;\">\n\t\t\t<div id=\"mmp-map-wrap-68a7b135\" class=\"mmp-map-wrap\">\n\t\t\t\t\t\t\t\t\t<div id=\"mmp-panel-68a7b135\" class=\"mmp-panel\"><\/div>\n\t\t\t\t\t\t\t\t<div id=\"mmp-map-68a7b135\" class=\"mmp-map\" style=\"height: 480px;\"><\/div>\n\t\t\t\t\t\t\t\t\t<div id=\"mmp-chart-wrap-68a7b135\" class=\"mmp-gpx-chart-wrap\" style=\"height: 200px;\"><\/div>\n\t\t\t\t\t\t\t<\/div>\n\t\t\t\t\t<\/div>\n\t\t\n<\/div>\n","protected":false},"excerpt":{"rendered":"<p>Dokumentiert von Reinhold HarnothVom Startpunkt B\u00fcrgertreff Waldacker in Richtung Kl\u00e4ranlage Ober-Roden (vorbei am Hundeplatz). Dann ein Teil um Breidert herum. Haben die B45 \u00fcberquert und sind dann auf den RODAU-Rundweg gesto\u00dfen. Von hier ca. 3 km bis zum Rodgauer Kalkstandsteinwerk. N\u00e4chste Station auf dem Rundweg war die Waldfreizeitanlage \u201eG\u00e4nsbr\u00fch\u201c Dudenhofen. Den Rundweg weiter gefolgt in &#8230; <a title=\"Radtour &#8211; Rodgau-Rundweg (37 km)\" class=\"read-more\" href=\"https:\/\/www.quartier-waldacker.de\/?p=12733\" aria-label=\"Mehr Informationen \u00fcber Radtour &#8211; Rodgau-Rundweg (37 km)\">Weiterlesen<\/a><\/p>\n","protected":false},"author":1,"featured_media":12750,"comment_status":"open","ping_status":"open","sticky":false,"template":"","format":"standard","meta":{"generate_page_header":"","_jetpack_memberships_contains_paid_content":false,"footnotes":""},"categories":[126],"tags":[197],"class_list":["post-12733","post","type-post","status-publish","format-standard","has-post-thumbnail","hentry","category-radtouren","tag-radfahren"],"jetpack_featured_media_url":"https:\/\/i0.wp.com\/www.quartier-waldacker.de\/wp-content\/uploads\/2017\/03\/Header_Tour2.jpg?fit=1380%2C300&ssl=1","jetpack-related-posts":[{"id":12064,"url":"https:\/\/www.quartier-waldacker.de\/?p=12064","url_meta":{"origin":12733,"position":0},"title":"Das Fr\u00fchjahr lockt die Natur heraus!!","author":"admin","date":"9. Februar 2017","format":false,"excerpt":"Aufruf von Reinhold Harnoth Wir, die Quartier Waldacker Fahrradgruppe, folgen diesen Ruf und bringen ihre Drahtesel auf Vordermann. Die erste Tour starten wir am 03. M\u00e4rz 2017. Wir folgen den wumboR \u2013 Rundweg in R\u00f6dermark und starten um 13.00 Uhr ab dem B\u00fcrgertreff Waldacker. Im Folgenden sind viele weitere Touren\u2026","rel":"","context":"In &quot;Freizeit\/Sport\/Kultur&quot;","block_context":{"text":"Freizeit\/Sport\/Kultur","link":"https:\/\/www.quartier-waldacker.de\/?cat=168"},"img":{"alt_text":"","src":"https:\/\/i0.wp.com\/www.quartier-waldacker.de\/wp-content\/uploads\/2016\/11\/WA_Quartier_Radtour16_06acWeb-300x199.jpg?resize=350%2C200&ssl=1","width":350,"height":200},"classes":[]},{"id":15228,"url":"https:\/\/www.quartier-waldacker.de\/?p=15228","url_meta":{"origin":12733,"position":1},"title":"Radtour  nach Obertshausen (40 km)","author":"Johannes","date":"20. September 2017","format":false,"excerpt":"Beitrag und Bilder von Reinhold HarnothTreffpunkt war der B\u00fcrgertreff in Waldacker in 13.00 Uhr. Von hier fuhren wir zum zweiten Treffpunkt an den Rentnerb\u00e4nken am Kl\u00e4rwek Ober-Roden. Hier kamen die Mitfahrer aus Ober-Roden hinzu. Vom Treffpunkt fuhren wir am Waldrand vorbei nach Rollwald, dabei wurde die Rodau \u00fcberquert. An den\u2026","rel":"","context":"In &quot;Radtouren&quot;","block_context":{"text":"Radtouren","link":"https:\/\/www.quartier-waldacker.de\/?cat=126"},"img":{"alt_text":"","src":"https:\/\/i0.wp.com\/www.quartier-waldacker.de\/wp-content\/uploads\/2017\/09\/HaederTour29.jpg?fit=1200%2C281&ssl=1&resize=350%2C200","width":350,"height":200,"srcset":"https:\/\/i0.wp.com\/www.quartier-waldacker.de\/wp-content\/uploads\/2017\/09\/HaederTour29.jpg?fit=1200%2C281&ssl=1&resize=350%2C200 1x, https:\/\/i0.wp.com\/www.quartier-waldacker.de\/wp-content\/uploads\/2017\/09\/HaederTour29.jpg?fit=1200%2C281&ssl=1&resize=525%2C300 1.5x, https:\/\/i0.wp.com\/www.quartier-waldacker.de\/wp-content\/uploads\/2017\/09\/HaederTour29.jpg?fit=1200%2C281&ssl=1&resize=700%2C400 2x, https:\/\/i0.wp.com\/www.quartier-waldacker.de\/wp-content\/uploads\/2017\/09\/HaederTour29.jpg?fit=1200%2C281&ssl=1&resize=1050%2C600 3x"},"classes":[]},{"id":7540,"url":"https:\/\/www.quartier-waldacker.de\/?p=7540","url_meta":{"origin":12733,"position":2},"title":"AG &#8211; Radfahren  startet nach der Winterpause in die neue Saison 2015","author":"admin","date":"6. M\u00e4rz 2015","format":false,"excerpt":"Am 13. M\u00e4rz 2015 startet die erste Fahrradtour der Quartiersgruppe Waldacker nach der Winterpause auf dem wumboR Rundweg durch R\u00f6dermark. Die Strecke verl\u00e4uft ausschlie\u00dflich durch das Stadtgebiet R\u00f6dermark, tangiert alle f\u00fcnf Stadtteile und ist durch den radelnden wumboR gekennzeichnet. Der Rundweg ist ca. 21 km lang. Die Strecke bietet Gelegenheit\u2026","rel":"","context":"In &quot;Radtouren&quot;","block_context":{"text":"Radtouren","link":"https:\/\/www.quartier-waldacker.de\/?cat=126"},"img":{"alt_text":"P1060762_web","src":"https:\/\/i0.wp.com\/www.quartier-waldacker.de\/wp-content\/uploads\/2015\/03\/P1060762_web-300x165.jpg?resize=350%2C200&ssl=1","width":350,"height":200},"classes":[]},{"id":26746,"url":"https:\/\/www.quartier-waldacker.de\/?p=26746","url_meta":{"origin":12733,"position":3},"title":"Nach\u00f6sterliche Radtour zu den Osterbrunnen \u00fcber Seligenstadt. (53 km)","author":"Johannes","date":"27. April 2025","format":false,"excerpt":"Start: Der Himmel war bew\u00f6lkt zum Start um 11.00 Uhr am 50. Breitengrad in Waldacker, die Wetterpropheten in Offenbach hatten f\u00fcr den Nachmittag Besserung angek\u00fcndigt. \u00dcberraschenderweise waren 26 Teilnehmerinnen und Teilnehmer zur Radtour nach Seligenstadt erschienen. Nach einer kurzen Erl\u00e4uterung des Streckenverlaufs durch Tourenleiter Gerhard Elsesser setzte sich die Gruppe\u2026","rel":"","context":"In &quot;Radtouren&quot;","block_context":{"text":"Radtouren","link":"https:\/\/www.quartier-waldacker.de\/?cat=126"},"img":{"alt_text":"","src":"https:\/\/i0.wp.com\/www.quartier-waldacker.de\/wp-content\/uploads\/2025\/03\/Header_Gruppe_2025sr.jpg?fit=1200%2C281&ssl=1&resize=350%2C200","width":350,"height":200,"srcset":"https:\/\/i0.wp.com\/www.quartier-waldacker.de\/wp-content\/uploads\/2025\/03\/Header_Gruppe_2025sr.jpg?fit=1200%2C281&ssl=1&resize=350%2C200 1x, https:\/\/i0.wp.com\/www.quartier-waldacker.de\/wp-content\/uploads\/2025\/03\/Header_Gruppe_2025sr.jpg?fit=1200%2C281&ssl=1&resize=525%2C300 1.5x, https:\/\/i0.wp.com\/www.quartier-waldacker.de\/wp-content\/uploads\/2025\/03\/Header_Gruppe_2025sr.jpg?fit=1200%2C281&ssl=1&resize=700%2C400 2x, https:\/\/i0.wp.com\/www.quartier-waldacker.de\/wp-content\/uploads\/2025\/03\/Header_Gruppe_2025sr.jpg?fit=1200%2C281&ssl=1&resize=1050%2C600 3x"},"classes":[]},{"id":22744,"url":"https:\/\/www.quartier-waldacker.de\/?p=22744","url_meta":{"origin":12733,"position":4},"title":"Radtour nach Bruchk\u00f6bel","author":"admin","date":"24. Juni 2023","format":false,"excerpt":"Ein erfrischender Freitag, der 23. Juni, nach der Hitzewoche und den Unwetterwarnungen der letzten Tage. Etwas windig, aber ansonsten ideal zu radeln. Vom B\u00fcrgertreff Waldacker aus machten sich 19 Radlerinnen und Radler auf den Weg nach Bruchk\u00f6bel. Die 65 km lange Radtour wurde von Horst Zimmer gef\u00fchrt. Die von Horst\u2026","rel":"","context":"In &quot;Radtouren&quot;","block_context":{"text":"Radtouren","link":"https:\/\/www.quartier-waldacker.de\/?cat=126"},"img":{"alt_text":"","src":"https:\/\/i0.wp.com\/www.quartier-waldacker.de\/wp-content\/uploads\/2023\/03\/Header_Gruppe.jpg?fit=1200%2C281&ssl=1&resize=350%2C200","width":350,"height":200,"srcset":"https:\/\/i0.wp.com\/www.quartier-waldacker.de\/wp-content\/uploads\/2023\/03\/Header_Gruppe.jpg?fit=1200%2C281&ssl=1&resize=350%2C200 1x, https:\/\/i0.wp.com\/www.quartier-waldacker.de\/wp-content\/uploads\/2023\/03\/Header_Gruppe.jpg?fit=1200%2C281&ssl=1&resize=525%2C300 1.5x, https:\/\/i0.wp.com\/www.quartier-waldacker.de\/wp-content\/uploads\/2023\/03\/Header_Gruppe.jpg?fit=1200%2C281&ssl=1&resize=700%2C400 2x, https:\/\/i0.wp.com\/www.quartier-waldacker.de\/wp-content\/uploads\/2023\/03\/Header_Gruppe.jpg?fit=1200%2C281&ssl=1&resize=1050%2C600 3x"},"classes":[]},{"id":22860,"url":"https:\/\/www.quartier-waldacker.de\/?p=22860","url_meta":{"origin":12733,"position":5},"title":"Radtour zu den Dietesheimer Steinbr\u00fcche","author":"admin","date":"16. Juli 2023","format":false,"excerpt":"Am Freitag, den 14. Juli trafen sich 21 Radfahrerinnen und Radfahrer bei gutem Wetter gegen 11 Uhr am B\u00fcrgertreff Waldacker zur heutigen Radtour. Die angek\u00fcndigte Tour wurde von Fokko Vogelsang gef\u00fchrt und geht \u00fcber ca. 55 km.\u00a0 Der Weg f\u00fchrte zun\u00e4chst Richtung Niederroden, dann durch den Rodgau-Dietzenbacher Wald nach Rembr\u00fccken\u2026","rel":"","context":"In &quot;Radtouren&quot;","block_context":{"text":"Radtouren","link":"https:\/\/www.quartier-waldacker.de\/?cat=126"},"img":{"alt_text":"","src":"https:\/\/i0.wp.com\/www.quartier-waldacker.de\/wp-content\/uploads\/2023\/03\/Header_Gruppe.jpg?fit=1200%2C281&ssl=1&resize=350%2C200","width":350,"height":200,"srcset":"https:\/\/i0.wp.com\/www.quartier-waldacker.de\/wp-content\/uploads\/2023\/03\/Header_Gruppe.jpg?fit=1200%2C281&ssl=1&resize=350%2C200 1x, https:\/\/i0.wp.com\/www.quartier-waldacker.de\/wp-content\/uploads\/2023\/03\/Header_Gruppe.jpg?fit=1200%2C281&ssl=1&resize=525%2C300 1.5x, https:\/\/i0.wp.com\/www.quartier-waldacker.de\/wp-content\/uploads\/2023\/03\/Header_Gruppe.jpg?fit=1200%2C281&ssl=1&resize=700%2C400 2x, https:\/\/i0.wp.com\/www.quartier-waldacker.de\/wp-content\/uploads\/2023\/03\/Header_Gruppe.jpg?fit=1200%2C281&ssl=1&resize=1050%2C600 3x"},"classes":[]}],"jetpack_sharing_enabled":true,"rttpg_featured_image_url":{"full":["https:\/\/i0.wp.com\/www.quartier-waldacker.de\/wp-content\/uploads\/2017\/03\/Header_Tour2.jpg?fit=1380%2C300&ssl=1",1380,300,false],"landscape":["https:\/\/www.quartier-waldacker.de\/wp-content\/uploads\/2017\/03\/Header_Tour2.jpg",1380,300,false],"portraits":["https:\/\/www.quartier-waldacker.de\/wp-content\/uploads\/2017\/03\/Header_Tour2.jpg",1380,300,false],"thumbnail":["https:\/\/i0.wp.com\/www.quartier-waldacker.de\/wp-content\/uploads\/2017\/03\/Header_Tour2.jpg?resize=150%2C150&ssl=1",150,150,true],"medium":["https:\/\/i0.wp.com\/www.quartier-waldacker.de\/wp-content\/uploads\/2017\/03\/Header_Tour2.jpg?fit=300%2C65&ssl=1",300,65,true],"large":["https:\/\/i0.wp.com\/www.quartier-waldacker.de\/wp-content\/uploads\/2017\/03\/Header_Tour2.jpg?fit=1024%2C223&ssl=1",1024,223,true],"1536x1536":["https:\/\/i0.wp.com\/www.quartier-waldacker.de\/wp-content\/uploads\/2017\/03\/Header_Tour2.jpg?fit=1380%2C300&ssl=1",1380,300,true],"2048x2048":["https:\/\/i0.wp.com\/www.quartier-waldacker.de\/wp-content\/uploads\/2017\/03\/Header_Tour2.jpg?fit=1380%2C300&ssl=1",1380,300,true]},"rttpg_author":{"display_name":"admin","author_link":"https:\/\/www.quartier-waldacker.de\/?author=1"},"rttpg_comment":0,"rttpg_category":"<a href=\"https:\/\/www.quartier-waldacker.de\/?cat=126\" rel=\"category\">Radtouren<\/a>","rttpg_excerpt":"Dokumentiert von Reinhold HarnothVom Startpunkt B\u00fcrgertreff Waldacker in Richtung Kl\u00e4ranlage Ober-Roden (vorbei am Hundeplatz). Dann ein Teil um Breidert herum. Haben die B45 \u00fcberquert und sind dann auf den RODAU-Rundweg gesto\u00dfen. Von hier ca. 3 km bis zum Rodgauer Kalkstandsteinwerk. N\u00e4chste Station auf dem Rundweg war die Waldfreizeitanlage \u201eG\u00e4nsbr\u00fch\u201c Dudenhofen. Den Rundweg weiter gefolgt in&hellip;","_links":{"self":[{"href":"https:\/\/www.quartier-waldacker.de\/index.php?rest_route=\/wp\/v2\/posts\/12733","targetHints":{"allow":["GET"]}}],"collection":[{"href":"https:\/\/www.quartier-waldacker.de\/index.php?rest_route=\/wp\/v2\/posts"}],"about":[{"href":"https:\/\/www.quartier-waldacker.de\/index.php?rest_route=\/wp\/v2\/types\/post"}],"author":[{"embeddable":true,"href":"https:\/\/www.quartier-waldacker.de\/index.php?rest_route=\/wp\/v2\/users\/1"}],"replies":[{"embeddable":true,"href":"https:\/\/www.quartier-waldacker.de\/index.php?rest_route=%2Fwp%2Fv2%2Fcomments&post=12733"}],"version-history":[{"count":0,"href":"https:\/\/www.quartier-waldacker.de\/index.php?rest_route=\/wp\/v2\/posts\/12733\/revisions"}],"wp:featuredmedia":[{"embeddable":true,"href":"https:\/\/www.quartier-waldacker.de\/index.php?rest_route=\/wp\/v2\/media\/12750"}],"wp:attachment":[{"href":"https:\/\/www.quartier-waldacker.de\/index.php?rest_route=%2Fwp%2Fv2%2Fmedia&parent=12733"}],"wp:term":[{"taxonomy":"category","embeddable":true,"href":"https:\/\/www.quartier-waldacker.de\/index.php?rest_route=%2Fwp%2Fv2%2Fcategories&post=12733"},{"taxonomy":"post_tag","embeddable":true,"href":"https:\/\/www.quartier-waldacker.de\/index.php?rest_route=%2Fwp%2Fv2%2Ftags&post=12733"}],"curies":[{"name":"wp","href":"https:\/\/api.w.org\/{rel}","templated":true}]}}