{"id":12550,"date":"2017-03-21T18:12:34","date_gmt":"2017-03-21T17:12:34","guid":{"rendered":"https:\/\/www.quartier-waldacker.de\/?p=12550"},"modified":"2025-09-02T11:56:31","modified_gmt":"2025-09-02T09:56:31","slug":"ag-fahrradgruppe","status":"publish","type":"post","link":"https:\/\/www.quartier-waldacker.de\/?p=12550","title":{"rendered":"Quartier-Waldacker Fahrradgruppe"},"content":{"rendered":"<div id=\"pl-12550\" class=\"panel-layout\">\n<div id=\"pg-12550-0\" class=\"panel-grid panel-no-style\">\n<div id=\"pgc-12550-0-0\" class=\"panel-grid-cell\" data-weight=\"1\">\n<div id=\"panel-12550-0-0-0\" class=\"so-panel widget widget_sow-image panel-first-child\" data-index=\"0\" data-style=\"{&quot;background_display&quot;:&quot;tile&quot;,&quot;iw-visible-screen&quot;:&quot;iw-all&quot;,&quot;iw-visible-layout&quot;:&quot;iw-all&quot;}\">[<\/div>\n<\/div>\n<\/div>\n<\/div>\n\n<figure class=\"wp-block-post-featured-image\"><img data-recalc-dims=\"1\" loading=\"lazy\" decoding=\"async\" width=\"1200\" height=\"281\" src=\"https:\/\/i0.wp.com\/www.quartier-waldacker.de\/wp-content\/uploads\/2017\/03\/Header_Gruppe_2024_ab2024.jpg?resize=1200%2C281&#038;ssl=1\" class=\"attachment-post-thumbnail size-post-thumbnail wp-post-image\" alt=\"\" style=\"object-fit:cover;\" srcset=\"https:\/\/i0.wp.com\/www.quartier-waldacker.de\/wp-content\/uploads\/2017\/03\/Header_Gruppe_2024_ab2024.jpg?w=1280&amp;ssl=1 1280w, https:\/\/i0.wp.com\/www.quartier-waldacker.de\/wp-content\/uploads\/2017\/03\/Header_Gruppe_2024_ab2024.jpg?resize=300%2C70&amp;ssl=1 300w, https:\/\/i0.wp.com\/www.quartier-waldacker.de\/wp-content\/uploads\/2017\/03\/Header_Gruppe_2024_ab2024.jpg?resize=1024%2C240&amp;ssl=1 1024w, https:\/\/i0.wp.com\/www.quartier-waldacker.de\/wp-content\/uploads\/2017\/03\/Header_Gruppe_2024_ab2024.jpg?resize=768%2C180&amp;ssl=1 768w\" sizes=\"auto, (max-width: 1200px) 100vw, 1200px\" data-attachment-id=\"23902\" data-permalink=\"https:\/\/www.quartier-waldacker.de\/?attachment_id=23902#main\" data-orig-file=\"https:\/\/i0.wp.com\/www.quartier-waldacker.de\/wp-content\/uploads\/2017\/03\/Header_Gruppe_2024_ab2024.jpg?fit=1280%2C300&amp;ssl=1\" data-orig-size=\"1280,300\" data-comments-opened=\"1\" data-image-meta=\"{&quot;aperture&quot;:&quot;0&quot;,&quot;credit&quot;:&quot;&quot;,&quot;camera&quot;:&quot;&quot;,&quot;caption&quot;:&quot;&quot;,&quot;created_timestamp&quot;:&quot;0&quot;,&quot;copyright&quot;:&quot;&quot;,&quot;focal_length&quot;:&quot;0&quot;,&quot;iso&quot;:&quot;0&quot;,&quot;shutter_speed&quot;:&quot;0&quot;,&quot;title&quot;:&quot;&quot;,&quot;orientation&quot;:&quot;1&quot;}\" data-image-title=\"Header_Gruppe_2024_ab2024\" data-image-description=\"\" data-image-caption=\"\" data-large-file=\"https:\/\/i0.wp.com\/www.quartier-waldacker.de\/wp-content\/uploads\/2017\/03\/Header_Gruppe_2024_ab2024.jpg?fit=1024%2C240&amp;ssl=1\" \/><\/figure>\n\n<button id=\"listenButton1\" class=\"responsivevoice-button\" type=\"button\" value=\"Play\" title=\"ResponsiveVoice Tap to Start\/Stop Speech\"><span>&#128266; Vorlesen<\/span><\/button>\n        <script>\n            listenButton1.onclick = function(){\n                if(responsiveVoice.isPlaying()){\n                    responsiveVoice.cancel();\n                }else{\n                    responsiveVoice.speak(\"[ Vorgestellt von Reinhold Harnoth Die Quartier Waldacker Fahrradgruppe ist ein lockerer, ungezwungener Zusammenschluss von naturfreudigen, naturverbundenen Radfahrern. Wir erkundigen jeden Freitag (ab M\u00e4rz bis November) in der Regel ab 11.00 Uhr die n\u00e4here und weitere Umgebung von R\u00f6dermark. Die Touren werden im gem\u00fctlichen, ruhigen Radfahrstil gefahren. Eine Rast (mit evtl. Einkehr) ist bei jeder Tour mit vorgesehen. Es sind alle radfahrfreudige R\u00f6derm\u00e4rker und aus der Umgebung eingeladen uns zu begleiten. Unsere Ansprechpersonen: Tourensammlung Tourentermine Eine unserer sch\u00f6nsten Radtouren f\u00fchrt entlang der Nidda, die mit ihrer malerischen Landschaft und dem ruhigen Flusslauf ein besonderes Erlebnis bietet. Blick auf Frankfurt H\u00f6chstDie Nidda, irgendwo dazwichen.Nidda 1Nidda 2Einkehr im Cafe Main TowerGruppenbild am WasserschlossWasserschlo\u00df in Bad VilbelPanoramablick von der Hohen Stra\u00dfeMain\u00fcberqierung bei Maintal\", \"Deutsch Female\");\n                }\n            };\n        <\/script>\n    \n\n\n\n<h5 class=\"wp-block-heading\">Vorgestellt von Reinhold Harnoth<\/h5>\n\n\n\n<p class=\"has-medium-font-size\">Die Quartier Waldacker Fahrradgruppe ist ein lockerer, ungezwungener Zusammenschluss von naturfreudigen, naturverbundenen Radfahrern. Wir erkundigen jeden Freitag (ab M\u00e4rz bis November) in der Regel ab 11.00 Uhr die n\u00e4here und weitere Umgebung von R\u00f6dermark. Die Touren werden im gem\u00fctlichen, ruhigen Radfahrstil&nbsp; gefahren. Eine Rast (mit evtl. Einkehr) ist bei jeder Tour mit vorgesehen. Es sind alle radfahrfreudige R\u00f6derm\u00e4rker und aus der Umgebung eingeladen uns zu begleiten.<\/p>\n\n\n\n<p class=\"has-medium-font-size\"><strong>Unsere Ansprechpersonen:<\/strong><\/p>\n\n\n<div\r\n    \tclass=\"alignwide alignwide wp-block-tsb-team\"    id='tsbTeamMembers-2'\r\n    data-attributes='{&quot;members&quot;:[{&quot;background&quot;:{&quot;color&quot;:&quot;#0000&quot;,&quot;type&quot;:&quot;solid&quot;,&quot;gradient&quot;:&quot;linear-gradient(135deg, #4527a4, #8344c5)&quot;,&quot;image&quot;:[],&quot;position&quot;:&quot;center center&quot;,&quot;attachment&quot;:&quot;initial&quot;,&quot;repeat&quot;:&quot;no-repeat&quot;,&quot;size&quot;:&quot;cover&quot;,&quot;overlayColor&quot;:&quot;#000000b3&quot;,&quot;styles&quot;:&quot;background: #0000;&quot;},&quot;border&quot;:{&quot;radius&quot;:&quot;3px&quot;},&quot;shadow&quot;:{&quot;shadow&quot;:[{&quot;hOffset&quot;:&quot;0px&quot;,&quot;vOffset&quot;:&quot;0px&quot;,&quot;blur&quot;:&quot;0px&quot;,&quot;spreed&quot;:&quot;0px&quot;,&quot;color&quot;:&quot;#7090b0&quot;,&quot;isInset&quot;:false}],&quot;styles&quot;:&quot;0px 0px 0px 0px #7090b0&quot;},&quot;photo&quot;:{&quot;id&quot;:null,&quot;url&quot;:&quot;&quot;,&quot;alt&quot;:&quot;&quot;,&quot;title&quot;:&quot;&quot;},&quot;photoBorder&quot;:{&quot;radius&quot;:&quot;50%&quot;},&quot;name&quot;:&quot;REINHOLD HARNOTH&lt;br&gt;Hauptstr. 33c&lt;br&gt;63322 R\\u00f6dermark&lt;br&gt;Mobil: 0157\\\/50314222\\u00a0\\u00a0\\u00a0\\u00a0&lt;br&gt;&lt;a href=\\&quot;mailto:reinhold.harnoth@arcor.de\\&quot;&gt;reinhold.harnoth@mail.de&lt;\\\/a&gt;&quot;,&quot;nameColor&quot;:&quot;#333&quot;,&quot;title&quot;:&quot;&lt;strong&gt;Organisator&lt;\\\/strong&gt;&quot;,&quot;titleColor&quot;:&quot;#333&quot;,&quot;separator&quot;:{&quot;width&quot;:&quot;20%&quot;,&quot;height&quot;:&quot;3px&quot;,&quot;color&quot;:&quot;#777&quot;},&quot;bio&quot;:&quot;&quot;,&quot;bioColor&quot;:&quot;#333&quot;,&quot;social&quot;:[{&quot;link&quot;:&quot;Mailto:reinhold.harnoth@arcor.de&quot;,&quot;icon&quot;:{&quot;class&quot;:&quot;fas fa-envelope&quot;,&quot;styles&quot;:&quot;color: inherit;&quot;,&quot;name&quot;:&quot;envelope&quot;,&quot;fontSize&quot;:22,&quot;colorType&quot;:&quot;solid&quot;,&quot;color&quot;:&quot;inherit&quot;,&quot;gradient&quot;:&quot;linear-gradient(135deg, #4527a4, #8344c5)&quot;}}],&quot;socialIconColors&quot;:{&quot;type&quot;:&quot;object&quot;,&quot;default&quot;:{&quot;color&quot;:&quot;#fff&quot;,&quot;bg&quot;:&quot;#4527a4&quot;},&quot;color&quot;:&quot;#fff&quot;,&quot;bgType&quot;:&quot;solid&quot;,&quot;bg&quot;:&quot;#4527a4&quot;,&quot;gradient&quot;:&quot;linear-gradient(135deg, #4527a4, #8344c5)&quot;,&quot;styles&quot;:&quot;color: #fff; background: #4527a4;&quot;}},{&quot;background&quot;:{&quot;color&quot;:&quot;#0000&quot;,&quot;type&quot;:&quot;solid&quot;,&quot;gradient&quot;:&quot;linear-gradient(135deg, #4527a4, #8344c5)&quot;,&quot;image&quot;:[],&quot;position&quot;:&quot;center center&quot;,&quot;attachment&quot;:&quot;initial&quot;,&quot;repeat&quot;:&quot;no-repeat&quot;,&quot;size&quot;:&quot;cover&quot;,&quot;overlayColor&quot;:&quot;#000000b3&quot;,&quot;styles&quot;:&quot;background: #0000;&quot;},&quot;border&quot;:{&quot;radius&quot;:&quot;3px&quot;},&quot;shadow&quot;:{&quot;shadow&quot;:[{&quot;hOffset&quot;:&quot;0px&quot;,&quot;vOffset&quot;:&quot;0px&quot;,&quot;blur&quot;:&quot;0px&quot;,&quot;spreed&quot;:&quot;0px&quot;,&quot;color&quot;:&quot;#7090b0&quot;,&quot;isInset&quot;:false}],&quot;styles&quot;:&quot;0px 0px 0px 0px #7090b0&quot;},&quot;photo&quot;:{&quot;id&quot;:null,&quot;url&quot;:&quot;&quot;,&quot;alt&quot;:&quot;&quot;,&quot;title&quot;:&quot;&quot;},&quot;photoBorder&quot;:{&quot;radius&quot;:&quot;50%&quot;},&quot;name&quot;:&quot;GERHARD ELSESSER&lt;br&gt;Kinzigstr. 20&lt;br&gt;63322 R\\u00f6dermark&lt;br&gt;Tel. 06074\\\/2111599&lt;br&gt;Mobil: 0171\\\/8015335&quot;,&quot;nameColor&quot;:&quot;#333&quot;,&quot;title&quot;:&quot;Organisator und &lt;strong&gt;Tourenf\\u00fchrer&lt;\\\/strong&gt;&quot;,&quot;titleColor&quot;:&quot;#333&quot;,&quot;separator&quot;:{&quot;width&quot;:&quot;20%&quot;,&quot;height&quot;:&quot;3px&quot;,&quot;color&quot;:&quot;#777&quot;},&quot;bio&quot;:&quot;I am a self-motivated and self-taught professional who likes to solve problems.&quot;,&quot;bioColor&quot;:&quot;#333&quot;,&quot;social&quot;:[{&quot;link&quot;:&quot;Mailto:gerhard.elsesser@t-online.de&quot;,&quot;icon&quot;:{&quot;class&quot;:&quot;fas fa-envelope&quot;,&quot;styles&quot;:&quot;color: inherit;&quot;,&quot;name&quot;:&quot;envelope&quot;,&quot;fontSize&quot;:22,&quot;colorType&quot;:&quot;solid&quot;,&quot;color&quot;:&quot;inherit&quot;,&quot;gradient&quot;:&quot;linear-gradient(135deg, #4527a4, #8344c5)&quot;}}],&quot;socialIconColors&quot;:{&quot;type&quot;:&quot;object&quot;,&quot;default&quot;:{&quot;color&quot;:&quot;#fff&quot;,&quot;bg&quot;:&quot;#4527a4&quot;},&quot;color&quot;:&quot;#fff&quot;,&quot;bgType&quot;:&quot;solid&quot;,&quot;bg&quot;:&quot;#4527a4&quot;,&quot;gradient&quot;:&quot;linear-gradient(135deg, #4527a4, #8344c5)&quot;,&quot;styles&quot;:&quot;color: #fff; background: #4527a4;&quot;}}],&quot;columns&quot;:{&quot;desktop&quot;:2,&quot;tablet&quot;:2,&quot;mobile&quot;:1},&quot;padding&quot;:{&quot;vertical&quot;:&quot;50px&quot;,&quot;horizontal&quot;:&quot;20px&quot;,&quot;side&quot;:4,&quot;top&quot;:&quot;50px&quot;,&quot;right&quot;:&quot;20px&quot;,&quot;bottom&quot;:&quot;50px&quot;,&quot;left&quot;:&quot;20px&quot;,&quot;styles&quot;:&quot;50px 20px 50px 20px&quot;},&quot;photoMargin&quot;:{&quot;bottom&quot;:&quot;20px&quot;,&quot;side&quot;:4,&quot;vertical&quot;:&quot;0px&quot;,&quot;horizontal&quot;:&quot;0px&quot;,&quot;top&quot;:&quot;0px&quot;,&quot;right&quot;:&quot;0px&quot;,&quot;left&quot;:&quot;0px&quot;,&quot;styles&quot;:&quot;0px 0px 20px 0px&quot;},&quot;nameTypo&quot;:{&quot;fontSize&quot;:20,&quot;fontWeight&quot;:600,&quot;styles&quot;:&quot;font-weight: 600; font-size: 20px; line-height: 135%;&quot;,&quot;googleFontLink&quot;:&quot;&quot;},&quot;nameMargin&quot;:{&quot;bottom&quot;:&quot;10px&quot;,&quot;side&quot;:4,&quot;vertical&quot;:&quot;0px&quot;,&quot;horizontal&quot;:&quot;0px&quot;,&quot;top&quot;:&quot;0px&quot;,&quot;right&quot;:&quot;0px&quot;,&quot;left&quot;:&quot;0px&quot;,&quot;styles&quot;:&quot;0px 0px 10px 0px&quot;},&quot;titleTypo&quot;:{&quot;fontSize&quot;:16,&quot;styles&quot;:&quot;font-size: 16px; line-height: 135%;&quot;,&quot;googleFontLink&quot;:&quot;&quot;},&quot;titleMargin&quot;:{&quot;bottom&quot;:&quot;10px&quot;,&quot;side&quot;:4,&quot;vertical&quot;:&quot;0px&quot;,&quot;horizontal&quot;:&quot;0px&quot;,&quot;top&quot;:&quot;0px&quot;,&quot;right&quot;:&quot;0px&quot;,&quot;left&quot;:&quot;0px&quot;,&quot;styles&quot;:&quot;0px 0px 10px 0px&quot;},&quot;isSep&quot;:false,&quot;sepMargin&quot;:{&quot;bottom&quot;:&quot;15px&quot;,&quot;side&quot;:4,&quot;vertical&quot;:&quot;0px&quot;,&quot;horizontal&quot;:&quot;0px&quot;,&quot;top&quot;:&quot;0px&quot;,&quot;right&quot;:&quot;0px&quot;,&quot;left&quot;:&quot;0px&quot;,&quot;styles&quot;:&quot;0px 0px 15px 0px&quot;},&quot;isBio&quot;:false,&quot;bioTypo&quot;:{&quot;fontSize&quot;:15,&quot;styles&quot;:&quot;font-size: 15px; line-height: 135%;&quot;,&quot;googleFontLink&quot;:&quot;&quot;},&quot;bioMargin&quot;:{&quot;bottom&quot;:&quot;15px&quot;,&quot;side&quot;:4,&quot;vertical&quot;:&quot;0px&quot;,&quot;horizontal&quot;:&quot;0px&quot;,&quot;top&quot;:&quot;0px&quot;,&quot;right&quot;:&quot;0px&quot;,&quot;left&quot;:&quot;0px&quot;,&quot;styles&quot;:&quot;0px 0px 15px 0px&quot;},&quot;align&quot;:&quot;wide&quot;,&quot;columnGap&quot;:&quot;30px&quot;,&quot;rowGap&quot;:&quot;30px&quot;,&quot;layout&quot;:&quot;vertical&quot;,&quot;theme&quot;:&quot;default&quot;,&quot;isLinkNewTab&quot;:false,&quot;textAlign&quot;:&quot;center&quot;,&quot;photoWidth&quot;:&quot;170px&quot;,&quot;isTitle&quot;:true,&quot;isSocial&quot;:true,&quot;socialSize&quot;:&quot;22px&quot;,&quot;socialIconMargin&quot;:{&quot;side&quot;:2,&quot;vertical&quot;:&quot;10px&quot;,&quot;horizontal&quot;:&quot;10px&quot;},&quot;styles&quot;:{&quot;bg&quot;:[],&quot;width&quot;:&quot;100%&quot;,&quot;alignment&quot;:&quot;center&quot;,&quot;padding&quot;:{&quot;top&quot;:&quot;0px&quot;,&quot;right&quot;:&quot;0px&quot;,&quot;bottom&quot;:&quot;0px&quot;,&quot;left&quot;:&quot;0px&quot;},&quot;margin&quot;:{&quot;top&quot;:&quot;0px&quot;,&quot;right&quot;:&quot;0px&quot;,&quot;bottom&quot;:&quot;0px&quot;,&quot;left&quot;:&quot;0px&quot;},&quot;teamMember&quot;:{&quot;height&quot;:{&quot;desktop&quot;:&quot;100%&quot;,&quot;tablet&quot;:&quot;100%&quot;,&quot;mobile&quot;:&quot;300px&quot;},&quot;padding&quot;:{&quot;top&quot;:&quot;11px&quot;,&quot;left&quot;:&quot;11px&quot;,&quot;bottom&quot;:&quot;11px&quot;,&quot;right&quot;:&quot;11px&quot;},&quot;shape&quot;:{&quot;bg&quot;:{&quot;type&quot;:&quot;gradient&quot;,&quot;gradient&quot;:&quot;&quot;}},&quot;bg&quot;:{&quot;type&quot;:&quot;gradient&quot;,&quot;gradient&quot;:&quot;linear-gradient(83deg,rgb(255,221,64) 97%,rgba(0,0,0,0) 97%)&quot;},&quot;evenItemBg&quot;:{&quot;type&quot;:&quot;gradient&quot;,&quot;gradient&quot;:&quot;linear-gradient(277deg,rgb(255,221,64) 97%,rgba(0,0,0,0) 97%)&quot;},&quot;photo&quot;:{&quot;bg&quot;:{&quot;type&quot;:&quot;gradient&quot;,&quot;gradient&quot;:&quot;linear-gradient(274deg,rgb(47,49,58) 70%,rgb(255,221,64) 70%)&quot;},&quot;size&quot;:&quot;100px&quot;,&quot;padding&quot;:{&quot;top&quot;:&quot;8px&quot;,&quot;left&quot;:&quot;8px&quot;,&quot;bottom&quot;:&quot;8px&quot;,&quot;right&quot;:&quot;8px&quot;},&quot;radius&quot;:{&quot;top&quot;:&quot;4px&quot;,&quot;left&quot;:&quot;4px&quot;,&quot;bottom&quot;:&quot;4px&quot;,&quot;right&quot;:&quot;4px&quot;},&quot;grayScale&quot;:1,&quot;evenItemPhotoBg&quot;:{&quot;type&quot;:&quot;gradient&quot;,&quot;gradient&quot;:&quot;linear-gradient(86deg,rgb(47,49,58) 70%,rgb(255,221,64) 70%)&quot;}},&quot;name&quot;:{&quot;colors&quot;:{&quot;color&quot;:&quot;#ffdd40&quot;,&quot;bg&quot;:&quot;#282a31&quot;},&quot;padding&quot;:{&quot;top&quot;:&quot;15px&quot;,&quot;right&quot;:&quot;23px&quot;,&quot;bottom&quot;:&quot;15px&quot;,&quot;left&quot;:&quot;23px&quot;},&quot;radius&quot;:{&quot;top&quot;:&quot;4px&quot;,&quot;right&quot;:&quot;4px&quot;,&quot;bottom&quot;:&quot;4px&quot;,&quot;left&quot;:&quot;4px&quot;},&quot;typo&quot;:{&quot;fontFamily&quot;:&quot;Default&quot;,&quot;fontCategory&quot;:&quot;sans-serif&quot;,&quot;fontWeight&quot;:null,&quot;isUploadFont&quot;:true,&quot;fontSize&quot;:{&quot;desktop&quot;:&quot;20px&quot;,&quot;tablet&quot;:&quot;18px&quot;,&quot;mobile&quot;:&quot;14px&quot;},&quot;fontStyle&quot;:&quot;normal&quot;,&quot;textTransform&quot;:&quot;none&quot;,&quot;textDecoration&quot;:&quot;none&quot;,&quot;lineHeight&quot;:&quot;&quot;,&quot;letterSpace&quot;:&quot;0px&quot;}},&quot;title&quot;:{&quot;colors&quot;:{&quot;color&quot;:&quot;#2f313a&quot;,&quot;bg&quot;:&quot;#ffdd40&quot;},&quot;padding&quot;:{&quot;top&quot;:&quot;6px&quot;,&quot;right&quot;:&quot;12px&quot;,&quot;bottom&quot;:&quot;8px&quot;,&quot;left&quot;:&quot;12px&quot;},&quot;radius&quot;:{&quot;top&quot;:&quot;4px&quot;,&quot;right&quot;:&quot;4px&quot;,&quot;bottom&quot;:&quot;4px&quot;,&quot;left&quot;:&quot;4px&quot;},&quot;typo&quot;:{&quot;fontFamily&quot;:&quot;Default&quot;,&quot;fontCategory&quot;:&quot;sans-serif&quot;,&quot;fontWeight&quot;:600,&quot;isUploadFont&quot;:true,&quot;fontSize&quot;:{&quot;desktop&quot;:&quot;14px&quot;,&quot;tablet&quot;:&quot;14px&quot;,&quot;mobile&quot;:&quot;11px&quot;},&quot;fontStyle&quot;:&quot;normal&quot;,&quot;textTransform&quot;:&quot;none&quot;,&quot;textDecoration&quot;:&quot;none&quot;,&quot;lineHeight&quot;:&quot;&quot;,&quot;letterSpace&quot;:&quot;0px&quot;}},&quot;bio&quot;:{&quot;color&quot;:&quot;black&quot;,&quot;typo&quot;:{&quot;fontFamily&quot;:&quot;Default&quot;,&quot;fontCategory&quot;:&quot;sans-serif&quot;,&quot;fontWeight&quot;:null,&quot;isUploadFont&quot;:true,&quot;fontSize&quot;:{&quot;desktop&quot;:&quot;20px&quot;,&quot;tablet&quot;:&quot;20px&quot;,&quot;mobile&quot;:&quot;14px&quot;},&quot;fontStyle&quot;:&quot;normal&quot;,&quot;textTransform&quot;:&quot;none&quot;,&quot;textDecoration&quot;:&quot;none&quot;,&quot;lineHeight&quot;:&quot;&quot;,&quot;letterSpace&quot;:&quot;0px&quot;}},&quot;userName&quot;:{&quot;colors&quot;:{&quot;color&quot;:&quot;#ffdd40&quot;,&quot;bg&quot;:&quot;#2f313a&quot;},&quot;padding&quot;:{&quot;top&quot;:&quot;2px&quot;,&quot;right&quot;:&quot;8px&quot;,&quot;bottom&quot;:&quot;6px&quot;,&quot;left&quot;:&quot;8px&quot;},&quot;radius&quot;:{&quot;top&quot;:&quot;8px&quot;,&quot;right&quot;:&quot;8px&quot;,&quot;bottom&quot;:&quot;8px&quot;,&quot;left&quot;:&quot;8px&quot;},&quot;typo&quot;:{&quot;fontFamily&quot;:&quot;Default&quot;,&quot;fontCategory&quot;:&quot;sans-serif&quot;,&quot;fontWeight&quot;:null,&quot;isUploadFont&quot;:true,&quot;fontSize&quot;:{&quot;desktop&quot;:&quot;20px&quot;,&quot;tablet&quot;:&quot;20px&quot;,&quot;mobile&quot;:&quot;14px&quot;},&quot;fontStyle&quot;:&quot;normal&quot;,&quot;textTransform&quot;:&quot;none&quot;,&quot;textDecoration&quot;:&quot;none&quot;,&quot;lineHeight&quot;:&quot;&quot;,&quot;letterSpace&quot;:&quot;0px&quot;}}}},&quot;options&quot;:{&quot;showUserName&quot;:true,&quot;hoverOnScale&quot;:true,&quot;isShowWaterMark&quot;:true,&quot;waterMark&quot;:&quot;TEAM&quot;,&quot;isShowShape&quot;:true,&quot;icon&quot;:&quot;&lt;svg xmlns=&#039;http:\\\/\\\/www.w3.org\\\/2000\\\/svg&#039; viewBox=&#039;0 0 512 512&#039;&gt;&lt;path d=&#039;M502.6 278.6c12.5-12.5 12.5-32.8 0-45.3l-128-128c-12.5-12.5-32.8-12.5-45.3 0s-12.5 32.8 0 45.3L402.7 224 32 224c-17.7 0-32 14.3-32 32s14.3 32 32 32l370.7 0-73.4 73.4c-12.5 12.5-12.5 32.8 0 45.3s32.8 12.5 45.3 0l128-128z&#039;\\\/&gt;&lt;\\\/svg&gt;&quot;}}'data-pipecheck=''\r\n><\/div>\n\n<div class=\"gb-button-wrapper gb-button-wrapper-a505ff82\">\n\n<a class=\"gb-button gb-button-b33b3615 gb-button-text\" href=\"http:\/\/www.quartier-waldacker.de\/?page_id=12567\" target=\"_blank\" rel=\"noopener noreferrer\">Tourensammlung<\/a>\n\n\n\n<a class=\"gb-button gb-button-9c7cd709 gb-button-text\" href=\"https:\/\/www.quartier-waldacker.de\/?page_id=17849\" target=\"_blank\" rel=\"noopener noreferrer\">Tourentermine<\/a>\n\n<\/div>\n\n\n<p><\/p>\n\n\n\n<h2 class=\"wp-block-heading has-text-align-center\">Eine unserer sch\u00f6nsten Radtouren f\u00fchrt entlang der Nidda, die mit ihrer malerischen Landschaft und dem ruhigen Flusslauf ein besonderes Erlebnis bietet.<\/h2>\n\n\n\n<div class=\"wp-block-jetpack-slideshow aligncenter\" data-effect=\"slide\"><div class=\"wp-block-jetpack-slideshow_container swiper\"><ul class=\"wp-block-jetpack-slideshow_swiper-wrapper swiper-wrapper\"><li class=\"wp-block-jetpack-slideshow_slide swiper-slide\"><figure><img data-recalc-dims=\"1\" loading=\"lazy\" decoding=\"async\" width=\"1024\" height=\"768\" alt=\"\" class=\"wp-block-jetpack-slideshow_image wp-image-19209\" data-id=\"19209\" src=\"https:\/\/i0.wp.com\/www.quartier-waldacker.de\/wp-content\/uploads\/2019\/07\/Blick-auf-die-Altstadt-von-Frankfurt-H%C3%B6chst.jpg?resize=1024%2C768&#038;ssl=1\" srcset=\"https:\/\/i0.wp.com\/www.quartier-waldacker.de\/wp-content\/uploads\/2019\/07\/Blick-auf-die-Altstadt-von-Frankfurt-H%C3%B6chst.jpg?resize=1024%2C768&amp;ssl=1 1024w, https:\/\/i0.wp.com\/www.quartier-waldacker.de\/wp-content\/uploads\/2019\/07\/Blick-auf-die-Altstadt-von-Frankfurt-H%C3%B6chst.jpg?resize=300%2C225&amp;ssl=1 300w, https:\/\/i0.wp.com\/www.quartier-waldacker.de\/wp-content\/uploads\/2019\/07\/Blick-auf-die-Altstadt-von-Frankfurt-H%C3%B6chst.jpg?resize=768%2C576&amp;ssl=1 768w, https:\/\/i0.wp.com\/www.quartier-waldacker.de\/wp-content\/uploads\/2019\/07\/Blick-auf-die-Altstadt-von-Frankfurt-H%C3%B6chst.jpg?w=2048&amp;ssl=1 2048w\" sizes=\"(max-width: 1024px) 100vw, 1024px\" \/><figcaption class=\"wp-block-jetpack-slideshow_caption gallery-caption\">Blick auf Frankfurt H\u00f6chst<\/figcaption><\/figure><\/li><li class=\"wp-block-jetpack-slideshow_slide swiper-slide\"><figure><img data-recalc-dims=\"1\" loading=\"lazy\" decoding=\"async\" width=\"1024\" height=\"768\" alt=\"\" class=\"wp-block-jetpack-slideshow_image wp-image-19212\" data-id=\"19212\" src=\"https:\/\/i0.wp.com\/www.quartier-waldacker.de\/wp-content\/uploads\/2019\/07\/Die-Nidda-irgendwo-dazwischen.jpg?resize=1024%2C768&#038;ssl=1\" srcset=\"https:\/\/i0.wp.com\/www.quartier-waldacker.de\/wp-content\/uploads\/2019\/07\/Die-Nidda-irgendwo-dazwischen.jpg?resize=1024%2C768&amp;ssl=1 1024w, https:\/\/i0.wp.com\/www.quartier-waldacker.de\/wp-content\/uploads\/2019\/07\/Die-Nidda-irgendwo-dazwischen.jpg?resize=300%2C225&amp;ssl=1 300w, https:\/\/i0.wp.com\/www.quartier-waldacker.de\/wp-content\/uploads\/2019\/07\/Die-Nidda-irgendwo-dazwischen.jpg?resize=768%2C576&amp;ssl=1 768w, https:\/\/i0.wp.com\/www.quartier-waldacker.de\/wp-content\/uploads\/2019\/07\/Die-Nidda-irgendwo-dazwischen.jpg?w=2048&amp;ssl=1 2048w\" sizes=\"(max-width: 1024px) 100vw, 1024px\" \/><figcaption class=\"wp-block-jetpack-slideshow_caption gallery-caption\">Die Nidda, irgendwo dazwichen.<\/figcaption><\/figure><\/li><li class=\"wp-block-jetpack-slideshow_slide swiper-slide\"><figure><img data-recalc-dims=\"1\" loading=\"lazy\" decoding=\"async\" width=\"1024\" height=\"768\" alt=\"\" class=\"wp-block-jetpack-slideshow_image wp-image-19211\" data-id=\"19211\" src=\"https:\/\/i0.wp.com\/www.quartier-waldacker.de\/wp-content\/uploads\/2019\/07\/Der-sch%C3%B6nste-Platz-an-der-Nidda-2.jpg?resize=1024%2C768&#038;ssl=1\" srcset=\"https:\/\/i0.wp.com\/www.quartier-waldacker.de\/wp-content\/uploads\/2019\/07\/Der-sch%C3%B6nste-Platz-an-der-Nidda-2.jpg?resize=1024%2C768&amp;ssl=1 1024w, https:\/\/i0.wp.com\/www.quartier-waldacker.de\/wp-content\/uploads\/2019\/07\/Der-sch%C3%B6nste-Platz-an-der-Nidda-2.jpg?resize=300%2C225&amp;ssl=1 300w, https:\/\/i0.wp.com\/www.quartier-waldacker.de\/wp-content\/uploads\/2019\/07\/Der-sch%C3%B6nste-Platz-an-der-Nidda-2.jpg?resize=768%2C576&amp;ssl=1 768w, https:\/\/i0.wp.com\/www.quartier-waldacker.de\/wp-content\/uploads\/2019\/07\/Der-sch%C3%B6nste-Platz-an-der-Nidda-2.jpg?w=2048&amp;ssl=1 2048w\" sizes=\"(max-width: 1024px) 100vw, 1024px\" \/><figcaption class=\"wp-block-jetpack-slideshow_caption gallery-caption\">Nidda 1<\/figcaption><\/figure><\/li><li class=\"wp-block-jetpack-slideshow_slide swiper-slide\"><figure><img data-recalc-dims=\"1\" loading=\"lazy\" decoding=\"async\" width=\"1024\" height=\"768\" alt=\"\" class=\"wp-block-jetpack-slideshow_image wp-image-19210\" data-id=\"19210\" src=\"https:\/\/i0.wp.com\/www.quartier-waldacker.de\/wp-content\/uploads\/2019\/07\/Der-sch%C3%B6nste-Platz-an-der-Nidda-1.jpg?resize=1024%2C768&#038;ssl=1\" srcset=\"https:\/\/i0.wp.com\/www.quartier-waldacker.de\/wp-content\/uploads\/2019\/07\/Der-sch%C3%B6nste-Platz-an-der-Nidda-1.jpg?resize=1024%2C768&amp;ssl=1 1024w, https:\/\/i0.wp.com\/www.quartier-waldacker.de\/wp-content\/uploads\/2019\/07\/Der-sch%C3%B6nste-Platz-an-der-Nidda-1.jpg?resize=300%2C225&amp;ssl=1 300w, https:\/\/i0.wp.com\/www.quartier-waldacker.de\/wp-content\/uploads\/2019\/07\/Der-sch%C3%B6nste-Platz-an-der-Nidda-1.jpg?resize=768%2C576&amp;ssl=1 768w, https:\/\/i0.wp.com\/www.quartier-waldacker.de\/wp-content\/uploads\/2019\/07\/Der-sch%C3%B6nste-Platz-an-der-Nidda-1.jpg?w=2048&amp;ssl=1 2048w\" sizes=\"(max-width: 1024px) 100vw, 1024px\" \/><figcaption class=\"wp-block-jetpack-slideshow_caption gallery-caption\">Nidda 2<\/figcaption><\/figure><\/li><li class=\"wp-block-jetpack-slideshow_slide swiper-slide\"><figure><img data-recalc-dims=\"1\" loading=\"lazy\" decoding=\"async\" width=\"1024\" height=\"576\" alt=\"\" class=\"wp-block-jetpack-slideshow_image wp-image-19215\" data-id=\"19215\" src=\"https:\/\/i0.wp.com\/www.quartier-waldacker.de\/wp-content\/uploads\/2019\/07\/Rast-im-Tower-Cafe-bei-Bonames.jpg?resize=1024%2C576&#038;ssl=1\" srcset=\"https:\/\/i0.wp.com\/www.quartier-waldacker.de\/wp-content\/uploads\/2019\/07\/Rast-im-Tower-Cafe-bei-Bonames.jpg?resize=1024%2C576&amp;ssl=1 1024w, https:\/\/i0.wp.com\/www.quartier-waldacker.de\/wp-content\/uploads\/2019\/07\/Rast-im-Tower-Cafe-bei-Bonames.jpg?resize=300%2C169&amp;ssl=1 300w, https:\/\/i0.wp.com\/www.quartier-waldacker.de\/wp-content\/uploads\/2019\/07\/Rast-im-Tower-Cafe-bei-Bonames.jpg?resize=768%2C432&amp;ssl=1 768w, https:\/\/i0.wp.com\/www.quartier-waldacker.de\/wp-content\/uploads\/2019\/07\/Rast-im-Tower-Cafe-bei-Bonames.jpg?w=1600&amp;ssl=1 1600w\" sizes=\"(max-width: 1024px) 100vw, 1024px\" \/><figcaption class=\"wp-block-jetpack-slideshow_caption gallery-caption\">Einkehr im Cafe Main Tower<\/figcaption><\/figure><\/li><li class=\"wp-block-jetpack-slideshow_slide swiper-slide\"><figure><img data-recalc-dims=\"1\" loading=\"lazy\" decoding=\"async\" width=\"1024\" height=\"768\" alt=\"\" class=\"wp-block-jetpack-slideshow_image wp-image-19217\" data-id=\"19217\" src=\"https:\/\/i0.wp.com\/www.quartier-waldacker.de\/wp-content\/uploads\/2019\/07\/Wasserburg-in-Bad-Vilbel-mit-Gruppe.jpg?resize=1024%2C768&#038;ssl=1\" srcset=\"https:\/\/i0.wp.com\/www.quartier-waldacker.de\/wp-content\/uploads\/2019\/07\/Wasserburg-in-Bad-Vilbel-mit-Gruppe.jpg?resize=1024%2C768&amp;ssl=1 1024w, https:\/\/i0.wp.com\/www.quartier-waldacker.de\/wp-content\/uploads\/2019\/07\/Wasserburg-in-Bad-Vilbel-mit-Gruppe.jpg?resize=300%2C225&amp;ssl=1 300w, https:\/\/i0.wp.com\/www.quartier-waldacker.de\/wp-content\/uploads\/2019\/07\/Wasserburg-in-Bad-Vilbel-mit-Gruppe.jpg?resize=768%2C576&amp;ssl=1 768w, https:\/\/i0.wp.com\/www.quartier-waldacker.de\/wp-content\/uploads\/2019\/07\/Wasserburg-in-Bad-Vilbel-mit-Gruppe.jpg?w=2048&amp;ssl=1 2048w\" sizes=\"(max-width: 1024px) 100vw, 1024px\" \/><figcaption class=\"wp-block-jetpack-slideshow_caption gallery-caption\">Gruppenbild am Wasserschloss<\/figcaption><\/figure><\/li><li class=\"wp-block-jetpack-slideshow_slide swiper-slide\"><figure><img data-recalc-dims=\"1\" loading=\"lazy\" decoding=\"async\" width=\"1024\" height=\"768\" alt=\"\" class=\"wp-block-jetpack-slideshow_image wp-image-19216\" data-id=\"19216\" src=\"https:\/\/i0.wp.com\/www.quartier-waldacker.de\/wp-content\/uploads\/2019\/07\/Wasserburg-in-Bad-Vilbel-2.jpg?resize=1024%2C768&#038;ssl=1\" srcset=\"https:\/\/i0.wp.com\/www.quartier-waldacker.de\/wp-content\/uploads\/2019\/07\/Wasserburg-in-Bad-Vilbel-2.jpg?resize=1024%2C768&amp;ssl=1 1024w, https:\/\/i0.wp.com\/www.quartier-waldacker.de\/wp-content\/uploads\/2019\/07\/Wasserburg-in-Bad-Vilbel-2.jpg?resize=300%2C225&amp;ssl=1 300w, https:\/\/i0.wp.com\/www.quartier-waldacker.de\/wp-content\/uploads\/2019\/07\/Wasserburg-in-Bad-Vilbel-2.jpg?resize=768%2C576&amp;ssl=1 768w, https:\/\/i0.wp.com\/www.quartier-waldacker.de\/wp-content\/uploads\/2019\/07\/Wasserburg-in-Bad-Vilbel-2.jpg?w=2048&amp;ssl=1 2048w\" sizes=\"(max-width: 1024px) 100vw, 1024px\" \/><figcaption class=\"wp-block-jetpack-slideshow_caption gallery-caption\">Wasserschlo\u00df in Bad Vilbel<\/figcaption><\/figure><\/li><li class=\"wp-block-jetpack-slideshow_slide swiper-slide\"><figure><img data-recalc-dims=\"1\" loading=\"lazy\" decoding=\"async\" width=\"1024\" height=\"768\" alt=\"\" class=\"wp-block-jetpack-slideshow_image wp-image-19214\" data-id=\"19214\" src=\"https:\/\/i0.wp.com\/www.quartier-waldacker.de\/wp-content\/uploads\/2019\/07\/Panoramablick-von-der-Hohen-Sta%C3%9Fe.jpg?resize=1024%2C768&#038;ssl=1\" srcset=\"https:\/\/i0.wp.com\/www.quartier-waldacker.de\/wp-content\/uploads\/2019\/07\/Panoramablick-von-der-Hohen-Sta%C3%9Fe.jpg?resize=1024%2C768&amp;ssl=1 1024w, https:\/\/i0.wp.com\/www.quartier-waldacker.de\/wp-content\/uploads\/2019\/07\/Panoramablick-von-der-Hohen-Sta%C3%9Fe.jpg?resize=300%2C225&amp;ssl=1 300w, https:\/\/i0.wp.com\/www.quartier-waldacker.de\/wp-content\/uploads\/2019\/07\/Panoramablick-von-der-Hohen-Sta%C3%9Fe.jpg?resize=768%2C576&amp;ssl=1 768w, https:\/\/i0.wp.com\/www.quartier-waldacker.de\/wp-content\/uploads\/2019\/07\/Panoramablick-von-der-Hohen-Sta%C3%9Fe.jpg?w=2048&amp;ssl=1 2048w\" sizes=\"(max-width: 1024px) 100vw, 1024px\" \/><figcaption class=\"wp-block-jetpack-slideshow_caption gallery-caption\">Panoramablick von der Hohen Stra\u00dfe<\/figcaption><\/figure><\/li><li class=\"wp-block-jetpack-slideshow_slide swiper-slide\"><figure><img data-recalc-dims=\"1\" loading=\"lazy\" decoding=\"async\" width=\"1024\" height=\"768\" alt=\"\" class=\"wp-block-jetpack-slideshow_image wp-image-19213\" data-id=\"19213\" src=\"https:\/\/i0.wp.com\/www.quartier-waldacker.de\/wp-content\/uploads\/2019\/07\/Main%C3%BCberquerung-bei-Bischofsheim.jpg?resize=1024%2C768&#038;ssl=1\" srcset=\"https:\/\/i0.wp.com\/www.quartier-waldacker.de\/wp-content\/uploads\/2019\/07\/Main%C3%BCberquerung-bei-Bischofsheim.jpg?resize=1024%2C768&amp;ssl=1 1024w, https:\/\/i0.wp.com\/www.quartier-waldacker.de\/wp-content\/uploads\/2019\/07\/Main%C3%BCberquerung-bei-Bischofsheim.jpg?resize=300%2C225&amp;ssl=1 300w, https:\/\/i0.wp.com\/www.quartier-waldacker.de\/wp-content\/uploads\/2019\/07\/Main%C3%BCberquerung-bei-Bischofsheim.jpg?resize=768%2C576&amp;ssl=1 768w, https:\/\/i0.wp.com\/www.quartier-waldacker.de\/wp-content\/uploads\/2019\/07\/Main%C3%BCberquerung-bei-Bischofsheim.jpg?w=2048&amp;ssl=1 2048w\" sizes=\"(max-width: 1024px) 100vw, 1024px\" \/><figcaption class=\"wp-block-jetpack-slideshow_caption gallery-caption\">Main\u00fcberqierung bei Maintal<\/figcaption><\/figure><\/li><\/ul><a class=\"wp-block-jetpack-slideshow_button-prev swiper-button-prev swiper-button-white\" role=\"button\"><\/a><a class=\"wp-block-jetpack-slideshow_button-next swiper-button-next swiper-button-white\" role=\"button\"><\/a><a aria-label=\"Pause Slideshow\" class=\"wp-block-jetpack-slideshow_button-pause\" role=\"button\"><\/a><div class=\"wp-block-jetpack-slideshow_pagination swiper-pagination swiper-pagination-white\"><\/div><\/div><\/div>\n","protected":false},"excerpt":{"rendered":"<p>[ Vorgestellt von Reinhold Harnoth Die Quartier Waldacker Fahrradgruppe ist ein lockerer, ungezwungener Zusammenschluss von naturfreudigen, naturverbundenen Radfahrern. Wir erkundigen jeden Freitag (ab M\u00e4rz bis November) in der Regel ab 11.00 Uhr die n\u00e4here und weitere Umgebung von R\u00f6dermark. Die Touren werden im gem\u00fctlichen, ruhigen Radfahrstil&nbsp; gefahren. Eine Rast (mit evtl. Einkehr) ist bei jeder &#8230; <a title=\"Quartier-Waldacker Fahrradgruppe\" class=\"read-more\" href=\"https:\/\/www.quartier-waldacker.de\/?p=12550\" aria-label=\"Mehr Informationen \u00fcber Quartier-Waldacker Fahrradgruppe\">Weiterlesen<\/a><\/p>\n","protected":false},"author":1,"featured_media":23902,"comment_status":"open","ping_status":"open","sticky":false,"template":"","format":"standard","meta":{"generate_page_header":"","_jetpack_memberships_contains_paid_content":false,"footnotes":""},"categories":[196],"tags":[197],"class_list":["post-12550","post","type-post","status-publish","format-standard","has-post-thumbnail","hentry","category-arbeitsgruppen","tag-radfahren"],"jetpack_featured_media_url":"https:\/\/i0.wp.com\/www.quartier-waldacker.de\/wp-content\/uploads\/2017\/03\/Header_Gruppe_2024_ab2024.jpg?fit=1280%2C300&ssl=1","jetpack-related-posts":[{"id":14398,"url":"https:\/\/www.quartier-waldacker.de\/?p=14398","url_meta":{"origin":12550,"position":0},"title":"Radtour &#8211; Fischerh\u00fctte Darmstadt (58 Km)","author":"Johannes","date":"6. August 2017","format":false,"excerpt":"\u00a0 Bericht und Bilder von Reinhold Harnoth.Die 23. Tour der Fahrradgruppe Quartier Waldacker startete ausnahmsweise um 11 Uhr vom B\u00fcrgertreff Waldacker in Richtung Urberach. Am Urberacher Bahnhof stie\u00dfen unsere Radler-Freunde aus Ober-Roden und Urberach dazu. \u00dcber den Urberacher Bienengarten und \u00fcber die weiterf\u00fchrende Lange Schneise erreichten wir nach ca. 3\u2026","rel":"","context":"In &quot;Radtouren&quot;","block_context":{"text":"Radtouren","link":"https:\/\/www.quartier-waldacker.de\/?cat=126"},"img":{"alt_text":"","src":"https:\/\/i0.wp.com\/www.quartier-waldacker.de\/wp-content\/uploads\/2017\/08\/Header_Fischerhuette.png?fit=1200%2C261&ssl=1&resize=350%2C200","width":350,"height":200,"srcset":"https:\/\/i0.wp.com\/www.quartier-waldacker.de\/wp-content\/uploads\/2017\/08\/Header_Fischerhuette.png?fit=1200%2C261&ssl=1&resize=350%2C200 1x, https:\/\/i0.wp.com\/www.quartier-waldacker.de\/wp-content\/uploads\/2017\/08\/Header_Fischerhuette.png?fit=1200%2C261&ssl=1&resize=525%2C300 1.5x, https:\/\/i0.wp.com\/www.quartier-waldacker.de\/wp-content\/uploads\/2017\/08\/Header_Fischerhuette.png?fit=1200%2C261&ssl=1&resize=700%2C400 2x, https:\/\/i0.wp.com\/www.quartier-waldacker.de\/wp-content\/uploads\/2017\/08\/Header_Fischerhuette.png?fit=1200%2C261&ssl=1&resize=1050%2C600 3x"},"classes":[]},{"id":22899,"url":"https:\/\/www.quartier-waldacker.de\/?p=22899","url_meta":{"origin":12550,"position":1},"title":"Stadtradeln 2023 \u2013 Tolle Bilanz f\u00fcr Radlergruppe Quartier-Waldacker","author":"admin","date":"2. August 2023","format":false,"excerpt":"Im Gegensatz zum Vorjahr, als das Stadtradeln Mitte September bei regnerischem und windigem Wetter stattfand, fand das diesj\u00e4hrige Stadtradeln vom 11. Juni bis 1. Juli bei extremer Hitze statt. Insgesamt nahmen 23 Teams teil. Bei der Fahrradgruppe Quartier-Waldacker waren 25 Seniorinnen und Senioren aktiv beteiligt. Der \u00e4lteste Teilnehmer war 93\u2026","rel":"","context":"In &quot;AG-Radfahren&quot;","block_context":{"text":"AG-Radfahren","link":"https:\/\/www.quartier-waldacker.de\/?cat=202"},"img":{"alt_text":"","src":"https:\/\/i0.wp.com\/www.quartier-waldacker.de\/wp-content\/uploads\/2023\/08\/Header_Stadtradeln2023.jpg?fit=1200%2C281&ssl=1&resize=350%2C200","width":350,"height":200,"srcset":"https:\/\/i0.wp.com\/www.quartier-waldacker.de\/wp-content\/uploads\/2023\/08\/Header_Stadtradeln2023.jpg?fit=1200%2C281&ssl=1&resize=350%2C200 1x, https:\/\/i0.wp.com\/www.quartier-waldacker.de\/wp-content\/uploads\/2023\/08\/Header_Stadtradeln2023.jpg?fit=1200%2C281&ssl=1&resize=525%2C300 1.5x, https:\/\/i0.wp.com\/www.quartier-waldacker.de\/wp-content\/uploads\/2023\/08\/Header_Stadtradeln2023.jpg?fit=1200%2C281&ssl=1&resize=700%2C400 2x, https:\/\/i0.wp.com\/www.quartier-waldacker.de\/wp-content\/uploads\/2023\/08\/Header_Stadtradeln2023.jpg?fit=1200%2C281&ssl=1&resize=1050%2C600 3x"},"classes":[]},{"id":13680,"url":"https:\/\/www.quartier-waldacker.de\/?p=13680","url_meta":{"origin":12550,"position":2},"title":"Radtour &#8211; DA- Kranichsteiner Jagdschloss, Einkehr im bay. Biergarten (48 km)","author":"Johannes","date":"21. Juni 2017","format":false,"excerpt":"Bericht und Bilder von Reinhold HarnothDie 16. Tour der Fahrradgruppe Quartier Waldacker startete am16.Juni um 13 Uhr vom B\u00fcrgertreff Waldacker in Richtung Urberach. Am Urberacher Bahnhof sto\u00dfen unsere Radler-Freunde aus Ober-Roden und Urberach dazu. \u00dcber den Urberacher Bienengarten radeln wir vorwiegend \u00fcber Waldwege und erreichen nach ca. 3 km die\u2026","rel":"","context":"In &quot;Radtouren&quot;","block_context":{"text":"Radtouren","link":"https:\/\/www.quartier-waldacker.de\/?cat=126"},"img":{"alt_text":"","src":"https:\/\/i0.wp.com\/www.quartier-waldacker.de\/wp-content\/uploads\/2017\/06\/Header_Kranischstein.jpg?fit=1200%2C261&ssl=1&resize=350%2C200","width":350,"height":200,"srcset":"https:\/\/i0.wp.com\/www.quartier-waldacker.de\/wp-content\/uploads\/2017\/06\/Header_Kranischstein.jpg?fit=1200%2C261&ssl=1&resize=350%2C200 1x, https:\/\/i0.wp.com\/www.quartier-waldacker.de\/wp-content\/uploads\/2017\/06\/Header_Kranischstein.jpg?fit=1200%2C261&ssl=1&resize=525%2C300 1.5x, https:\/\/i0.wp.com\/www.quartier-waldacker.de\/wp-content\/uploads\/2017\/06\/Header_Kranischstein.jpg?fit=1200%2C261&ssl=1&resize=700%2C400 2x, https:\/\/i0.wp.com\/www.quartier-waldacker.de\/wp-content\/uploads\/2017\/06\/Header_Kranischstein.jpg?fit=1200%2C261&ssl=1&resize=1050%2C600 3x"},"classes":[]},{"id":22988,"url":"https:\/\/www.quartier-waldacker.de\/?p=22988","url_meta":{"origin":12550,"position":3},"title":"Sommerfest bei den Quartier-Waldacker Radler","author":"admin","date":"15. August 2023","format":false,"excerpt":"Am Samstag, den 12.08.2023 trafen sich um 15.00 Uhr 34 Radlerinnen und Radler zum ersten Mal im Garten des B\u00fcrgertreff-Waldacker zum Sommerfest. Das Wetter war bis zum Beginn des Festes wechselhaft, stabilisierte sich aber im Laufe des Nachmittags weitestgehend, so dass einem guten Verlauf bei angenehmen Temperaturen nichts mehr im\u2026","rel":"","context":"In &quot;AG-Radfahren&quot;","block_context":{"text":"AG-Radfahren","link":"https:\/\/www.quartier-waldacker.de\/?cat=202"},"img":{"alt_text":"","src":"https:\/\/i0.wp.com\/www.quartier-waldacker.de\/wp-content\/uploads\/2022\/08\/Somfest1.jpg?fit=1200%2C281&ssl=1&resize=350%2C200","width":350,"height":200,"srcset":"https:\/\/i0.wp.com\/www.quartier-waldacker.de\/wp-content\/uploads\/2022\/08\/Somfest1.jpg?fit=1200%2C281&ssl=1&resize=350%2C200 1x, https:\/\/i0.wp.com\/www.quartier-waldacker.de\/wp-content\/uploads\/2022\/08\/Somfest1.jpg?fit=1200%2C281&ssl=1&resize=525%2C300 1.5x, https:\/\/i0.wp.com\/www.quartier-waldacker.de\/wp-content\/uploads\/2022\/08\/Somfest1.jpg?fit=1200%2C281&ssl=1&resize=700%2C400 2x, https:\/\/i0.wp.com\/www.quartier-waldacker.de\/wp-content\/uploads\/2022\/08\/Somfest1.jpg?fit=1200%2C281&ssl=1&resize=1050%2C600 3x"},"classes":[]},{"id":12064,"url":"https:\/\/www.quartier-waldacker.de\/?p=12064","url_meta":{"origin":12550,"position":4},"title":"Das Fr\u00fchjahr lockt die Natur heraus!!","author":"admin","date":"9. Februar 2017","format":false,"excerpt":"Aufruf von Reinhold Harnoth Wir, die Quartier Waldacker Fahrradgruppe, folgen diesen Ruf und bringen ihre Drahtesel auf Vordermann. Die erste Tour starten wir am 03. M\u00e4rz 2017. Wir folgen den wumboR \u2013 Rundweg in R\u00f6dermark und starten um 13.00 Uhr ab dem B\u00fcrgertreff Waldacker. Im Folgenden sind viele weitere Touren\u2026","rel":"","context":"In &quot;Freizeit\/Sport\/Kultur&quot;","block_context":{"text":"Freizeit\/Sport\/Kultur","link":"https:\/\/www.quartier-waldacker.de\/?cat=168"},"img":{"alt_text":"","src":"https:\/\/i0.wp.com\/www.quartier-waldacker.de\/wp-content\/uploads\/2016\/11\/WA_Quartier_Radtour16_06acWeb-300x199.jpg?resize=350%2C200&ssl=1","width":350,"height":200},"classes":[]},{"id":18871,"url":"https:\/\/www.quartier-waldacker.de\/?p=18871","url_meta":{"origin":12550,"position":5},"title":"Die Radfahrer vom Quartier Waldacker starten in die 6. Radtourensaison","author":"admin","date":"28. Februar 2019","format":false,"excerpt":"P\u00fcnktlich zum meteorologischen Fr\u00fchlingsanfang am 1.M\u00e4rz startet die AG Radfahrer der Quartier-Waldacker in die diesj\u00e4hrige Radsaison. Obligatorisch, wie fast in jedem Jahr, befahren die Freunde des Radsportes zu eingew\u00f6hnen den \u201ewumboR Radweg\u201c mit ca. 22 km. Eine Einkehr im Naturfreundehaus auf der Bulau ist geplant. Des Weiteren stellt die F\u00fchrungsgruppe\u2026","rel":"","context":"In &quot;Radtouren&quot;","block_context":{"text":"Radtouren","link":"https:\/\/www.quartier-waldacker.de\/?cat=126"},"img":{"alt_text":"","src":"https:\/\/i0.wp.com\/www.quartier-waldacker.de\/wp-content\/uploads\/2019\/02\/AlleRadleln-208x300.jpg?resize=350%2C200&ssl=1","width":350,"height":200},"classes":[]}],"jetpack_sharing_enabled":true,"rttpg_featured_image_url":{"full":["https:\/\/i0.wp.com\/www.quartier-waldacker.de\/wp-content\/uploads\/2017\/03\/Header_Gruppe_2024_ab2024.jpg?fit=1280%2C300&ssl=1",1280,300,false],"landscape":["https:\/\/www.quartier-waldacker.de\/wp-content\/uploads\/2017\/03\/Header_Gruppe_2024_ab2024.jpg",1280,300,false],"portraits":["https:\/\/www.quartier-waldacker.de\/wp-content\/uploads\/2017\/03\/Header_Gruppe_2024_ab2024.jpg",1280,300,false],"thumbnail":["https:\/\/i0.wp.com\/www.quartier-waldacker.de\/wp-content\/uploads\/2017\/03\/Header_Gruppe_2024_ab2024.jpg?resize=150%2C150&ssl=1",150,150,true],"medium":["https:\/\/i0.wp.com\/www.quartier-waldacker.de\/wp-content\/uploads\/2017\/03\/Header_Gruppe_2024_ab2024.jpg?fit=300%2C70&ssl=1",300,70,true],"large":["https:\/\/i0.wp.com\/www.quartier-waldacker.de\/wp-content\/uploads\/2017\/03\/Header_Gruppe_2024_ab2024.jpg?fit=1024%2C240&ssl=1",1024,240,true],"1536x1536":["https:\/\/i0.wp.com\/www.quartier-waldacker.de\/wp-content\/uploads\/2017\/03\/Header_Gruppe_2024_ab2024.jpg?fit=1280%2C300&ssl=1",1280,300,true],"2048x2048":["https:\/\/i0.wp.com\/www.quartier-waldacker.de\/wp-content\/uploads\/2017\/03\/Header_Gruppe_2024_ab2024.jpg?fit=1280%2C300&ssl=1",1280,300,true]},"rttpg_author":{"display_name":"admin","author_link":"https:\/\/www.quartier-waldacker.de\/?author=1"},"rttpg_comment":3,"rttpg_category":"<a href=\"https:\/\/www.quartier-waldacker.de\/?cat=196\" rel=\"category\">Arbeitsgruppen<\/a>","rttpg_excerpt":"[ Vorgestellt von Reinhold Harnoth Die Quartier Waldacker Fahrradgruppe ist ein lockerer, ungezwungener Zusammenschluss von naturfreudigen, naturverbundenen Radfahrern. Wir erkundigen jeden Freitag (ab M\u00e4rz bis November) in der Regel ab 11.00 Uhr die n\u00e4here und weitere Umgebung von R\u00f6dermark. Die Touren werden im gem\u00fctlichen, ruhigen Radfahrstil&nbsp; gefahren. Eine Rast (mit evtl. Einkehr) ist bei jeder&hellip;","_links":{"self":[{"href":"https:\/\/www.quartier-waldacker.de\/index.php?rest_route=\/wp\/v2\/posts\/12550","targetHints":{"allow":["GET"]}}],"collection":[{"href":"https:\/\/www.quartier-waldacker.de\/index.php?rest_route=\/wp\/v2\/posts"}],"about":[{"href":"https:\/\/www.quartier-waldacker.de\/index.php?rest_route=\/wp\/v2\/types\/post"}],"author":[{"embeddable":true,"href":"https:\/\/www.quartier-waldacker.de\/index.php?rest_route=\/wp\/v2\/users\/1"}],"replies":[{"embeddable":true,"href":"https:\/\/www.quartier-waldacker.de\/index.php?rest_route=%2Fwp%2Fv2%2Fcomments&post=12550"}],"version-history":[{"count":10,"href":"https:\/\/www.quartier-waldacker.de\/index.php?rest_route=\/wp\/v2\/posts\/12550\/revisions"}],"predecessor-version":[{"id":27270,"href":"https:\/\/www.quartier-waldacker.de\/index.php?rest_route=\/wp\/v2\/posts\/12550\/revisions\/27270"}],"wp:featuredmedia":[{"embeddable":true,"href":"https:\/\/www.quartier-waldacker.de\/index.php?rest_route=\/wp\/v2\/media\/23902"}],"wp:attachment":[{"href":"https:\/\/www.quartier-waldacker.de\/index.php?rest_route=%2Fwp%2Fv2%2Fmedia&parent=12550"}],"wp:term":[{"taxonomy":"category","embeddable":true,"href":"https:\/\/www.quartier-waldacker.de\/index.php?rest_route=%2Fwp%2Fv2%2Fcategories&post=12550"},{"taxonomy":"post_tag","embeddable":true,"href":"https:\/\/www.quartier-waldacker.de\/index.php?rest_route=%2Fwp%2Fv2%2Ftags&post=12550"}],"curies":[{"name":"wp","href":"https:\/\/api.w.org\/{rel}","templated":true}]}}